{"id":978,"date":"2018-03-08T21:18:55","date_gmt":"2018-03-08T20:18:55","guid":{"rendered":"https:\/\/www.lesideesalapelle.com\/?p=978"},"modified":"2018-04-10T09:40:23","modified_gmt":"2018-04-10T08:40:23","slug":"les-savons-de-la-couronne","status":"publish","type":"post","link":"https:\/\/www.lesideesalapelle.com\/index.php\/2018\/03\/08\/les-savons-de-la-couronne\/","title":{"rendered":"Zoom sur : Les savons de la couronne"},"content":{"rendered":"<h1>Zoom sur : Les savons de la couronne<\/h1>\n<p><img loading=\"lazy\" class=\"wp-image-981 alignright\" src=\"https:\/\/i0.wp.com\/www.lesideesalapelle.com\/wp-content\/uploads\/2018\/03\/litsee-gingembre229839421.jpg?resize=318%2C237\" width=\"318\" height=\"237\" srcset=\"https:\/\/i0.wp.com\/www.lesideesalapelle.com\/wp-content\/uploads\/2018\/03\/litsee-gingembre229839421.jpg?w=800&amp;ssl=1 800w, https:\/\/i0.wp.com\/www.lesideesalapelle.com\/wp-content\/uploads\/2018\/03\/litsee-gingembre229839421.jpg?resize=600%2C448&amp;ssl=1 600w, https:\/\/i0.wp.com\/www.lesideesalapelle.com\/wp-content\/uploads\/2018\/03\/litsee-gingembre229839421.jpg?resize=595%2C444&amp;ssl=1 595w, https:\/\/i0.wp.com\/www.lesideesalapelle.com\/wp-content\/uploads\/2018\/03\/litsee-gingembre229839421.jpg?resize=768%2C573&amp;ssl=1 768w\" sizes=\"(max-width: 318px) 100vw, 318px\" data-recalc-dims=\"1\" \/><\/p>\n<p>Sensibilis\u00e9s par la naissance d&rsquo;un petit gar\u00e7on \u00e0 la peau atopique, et \u00e0 la recherche de produits naturels et sans huile de palme, C\u00e9line et Nicolas ont d\u00e9cid\u00e9 en 2014 de se lancer dans la fabrication de savons sur-gras biologiques. Ainsi sont n\u00e9 les \u00ab\u00a0Les savons de la couronne\u00a0\u00bb<\/p>\n<p><img loading=\"lazy\" class=\"alignleft\" src=\"https:\/\/i0.wp.com\/www.lesideesalapelle.com\/wp-content\/uploads\/2018\/03\/lavande-21672960952.jpg?resize=331%2C247\" width=\"331\" height=\"247\" data-recalc-dims=\"1\" \/><\/p>\n<p>Fabriqu\u00e9s selon la m\u00e9thode de saponification \u00e0 froid, les savons de la Couronne, \u00e0 base d&rsquo;huiles d&rsquo;olive et de coco, sont enrichis au beurre de karit\u00e9, qui nourrit la peau en profondeur.<\/p>\n<p>Depuis peu les savons de la Couronne sont estampill\u00e9s \u00a0\u00bb Nature et progr\u00e8s \u00ab\u00a0, soit un des labels les plus exigeant en cosm\u00e9tique. F\u00e9licitations pour cet aboutissement.<\/p>\n<p>1) Un produit naturel ! Tous les v\u00e9g\u00e9taux que nous utilisons sont certifi\u00e9s d\u2019origine 100% biologique.<\/p>\n<p>2) Des huiles essentielles BIO (pour une partie de nos savons), parce qu\u2019elles ont des vertus d\u2019aromath\u00e9rapies naturelles et in\u00e9gal\u00e9es ! Nous vous d\u00e9taillons leurs propri\u00e9t\u00e9s pour chaque savon qui en contienne(nt)! Les huiles essentielles sont toutefois d\u00e9conseill\u00e9es aux enfants de moins de 3 ans et aux femmes enceintes !<\/p>\n<p>4) Pas de colorants artificiels. Chez nous, vous ne trouverez que des ingr\u00e9dients d\u2019origine naturelle, pas de parabens, parfums de synth\u00e8se ou de colorants artificiels.<\/p>\n<p><img loading=\"lazy\" class=\"alignleft\" src=\"https:\/\/i0.wp.com\/www.lesideesalapelle.com\/wp-content\/uploads\/2018\/03\/aloe21477417786.jpg?resize=285%2C213\" width=\"285\" height=\"213\" data-recalc-dims=\"1\" \/>5) Pas d\u2019huile de Palme.<\/p>\n<p>6) Du beurre de karit\u00e9 non raffin\u00e9. Le processus de raffinage supprime plus de 50% des propri\u00e9t\u00e9s naturelles de ce beurre, voire les d\u00e9truisent totalement, en fonction du proc\u00e9d\u00e9 utilis\u00e9. C\u2019est pour cela que nous n\u2019utilisons que du karit\u00e9 naturel.<\/p>\n<p>7) Pas de suremballage ! Nous limitons volontairement nos emballages, constitu\u00e9s uniquement de papier recycl\u00e9 et recyclable.<\/p>\n<p>&nbsp;<\/p>\n<p>8) Un prix abordable !Nous avons toujours pens\u00e9 que les achats responsables doivent \u00eatre accessibles pour le plus grand nombre !<\/p>\n<p>9) Pas de graisses animales ni de tests sur les animaux. Car nous pensons \u00e0 la faune, si souvent maltrait\u00e9e par l\u2019homme.<\/p>\n<p>Pour en savoir plus sur leur activit\u00e9 et leur gamme, rendez-vous sur :<\/p>\n<p><a href=\"http:\/\/www.savons-couronne.be\/\" target=\"_blank\" rel=\"noopener\" data-saferedirecturl=\"https:\/\/www.google.com\/url?hl=fr&amp;q=http:\/\/www.savons-couronne.be\/&amp;source=gmail&amp;ust=1520625725970000&amp;usg=AFQjCNHNX6Io5h8GY-y3ua6T-BUKgZVOhw\">http:\/\/www.savons-couronne.be\/<\/a><\/p>\n<p><a href=\"https:\/\/www.facebook.com\/savonscouronne\" target=\"_blank\" rel=\"noopener\" data-saferedirecturl=\"https:\/\/www.google.com\/url?hl=fr&amp;q=https:\/\/www.facebook.com\/savonscouronne&amp;source=gmail&amp;ust=1520625725970000&amp;usg=AFQjCNGmHEbpDWJbTDPOgIUcfQ9ICcDP7A\">https:\/\/www.facebook.com\/savon<\/a><wbr \/><a href=\"https:\/\/www.facebook.com\/savonscouronne\" target=\"_blank\" rel=\"noopener\" data-saferedirecturl=\"https:\/\/www.google.com\/url?hl=fr&amp;q=https:\/\/www.facebook.com\/savonscouronne&amp;source=gmail&amp;ust=1520625725970000&amp;usg=AFQjCNGmHEbpDWJbTDPOgIUcfQ9ICcDP7A\">scouronne<\/a><\/p>\n","protected":false},"excerpt":{"rendered":"<p>Zoom sur : Les savons de la couronne Sensibilis\u00e9s par la naissance d&rsquo;un petit gar\u00e7on \u00e0 la peau atopique, et \u00e0 la recherche de produits naturels et sans huile de palme, C\u00e9line et Nicolas ont d\u00e9cid\u00e9 en 2014 de se lancer dans la fabrication de savons sur-gras biologiques. Ainsi sont n\u00e9 les \u00ab\u00a0Les savons de [&hellip;]<\/p>\n","protected":false},"author":1,"featured_media":0,"comment_status":"open","ping_status":"open","sticky":false,"template":"","format":"standard","meta":{"jetpack_post_was_ever_published":false},"categories":[1,17,50],"tags":[],"yoast_head":"<!-- This site is optimized with the Yoast SEO plugin v19.7.2 - https:\/\/yoast.com\/wordpress\/plugins\/seo\/ -->\n<title>Les savons de la couronne<\/title>\n<meta name=\"description\" content=\"Les savons de la couronne , Savons Locaux , certifi\u00e9 Nature et Progr\u00e9s\" \/>\n<meta name=\"robots\" content=\"index, follow, max-snippet:-1, max-image-preview:large, max-video-preview:-1\" \/>\n<link rel=\"canonical\" href=\"https:\/\/www.lesideesalapelle.com\/index.php\/2018\/03\/08\/les-savons-de-la-couronne\/\" \/>\n<meta property=\"og:locale\" content=\"fr_FR\" \/>\n<meta property=\"og:type\" content=\"article\" \/>\n<meta property=\"og:title\" content=\"Les savons de la couronne\" \/>\n<meta property=\"og:description\" content=\"Les savons de la couronne , Savons Locaux , certifi\u00e9 Nature et Progr\u00e9s\" \/>\n<meta property=\"og:url\" content=\"https:\/\/www.lesideesalapelle.com\/index.php\/2018\/03\/08\/les-savons-de-la-couronne\/\" \/>\n<meta property=\"og:site_name\" content=\"Les id\u00e9es \u00e0 la pelle magasin bio\" \/>\n<meta property=\"article:publisher\" content=\"https:\/\/www.facebook.com\/Les-id%c3%a9es-%c3%a0-la-pelle-563968743744472\/\" \/>\n<meta property=\"article:published_time\" content=\"2018-03-08T20:18:55+00:00\" \/>\n<meta property=\"article:modified_time\" content=\"2018-04-10T08:40:23+00:00\" \/>\n<meta property=\"og:image\" content=\"http:\/\/www.lesideesalapelle.com\/wp-content\/uploads\/2018\/03\/litsee-gingembre229839421.jpg\" \/>\n<meta name=\"author\" content=\"les id\u00e9es \u00e0 la pelle\" \/>\n<meta name=\"twitter:label1\" content=\"\u00c9crit par\" \/>\n\t<meta name=\"twitter:data1\" content=\"les id\u00e9es \u00e0 la pelle\" \/>\n\t<meta name=\"twitter:label2\" content=\"Dur\u00e9e de lecture estim\u00e9e\" \/>\n\t<meta name=\"twitter:data2\" content=\"2 minutes\" \/>\n<script type=\"application\/ld+json\" class=\"yoast-schema-graph\">{\"@context\":\"https:\/\/schema.org\",\"@graph\":[{\"@type\":\"WebPage\",\"@id\":\"https:\/\/www.lesideesalapelle.com\/index.php\/2018\/03\/08\/les-savons-de-la-couronne\/\",\"url\":\"https:\/\/www.lesideesalapelle.com\/index.php\/2018\/03\/08\/les-savons-de-la-couronne\/\",\"name\":\"Les savons de la couronne\",\"isPartOf\":{\"@id\":\"https:\/\/www.lesideesalapelle.com\/#website\"},\"datePublished\":\"2018-03-08T20:18:55+00:00\",\"dateModified\":\"2018-04-10T08:40:23+00:00\",\"author\":{\"@id\":\"https:\/\/www.lesideesalapelle.com\/#\/schema\/person\/c5d8dfb66f3ed0b5ec84cb7fbd66af89\"},\"description\":\"Les savons de la couronne , Savons Locaux , certifi\u00e9 Nature et Progr\u00e9s\",\"breadcrumb\":{\"@id\":\"https:\/\/www.lesideesalapelle.com\/index.php\/2018\/03\/08\/les-savons-de-la-couronne\/#breadcrumb\"},\"inLanguage\":\"fr-FR\",\"potentialAction\":[{\"@type\":\"ReadAction\",\"target\":[\"https:\/\/www.lesideesalapelle.com\/index.php\/2018\/03\/08\/les-savons-de-la-couronne\/\"]}]},{\"@type\":\"BreadcrumbList\",\"@id\":\"https:\/\/www.lesideesalapelle.com\/index.php\/2018\/03\/08\/les-savons-de-la-couronne\/#breadcrumb\",\"itemListElement\":[{\"@type\":\"ListItem\",\"position\":1,\"name\":\"Accueil\",\"item\":\"https:\/\/www.lesideesalapelle.com\/\"},{\"@type\":\"ListItem\",\"position\":2,\"name\":\"Zoom sur : Les savons de la couronne\"}]},{\"@type\":\"WebSite\",\"@id\":\"https:\/\/www.lesideesalapelle.com\/#website\",\"url\":\"https:\/\/www.lesideesalapelle.com\/\",\"name\":\"Les id\u00e9es \u00e0 la pelle magasin bio\",\"description\":\"Magasin Bio \u00e0 Schaerbeek\",\"potentialAction\":[{\"@type\":\"SearchAction\",\"target\":{\"@type\":\"EntryPoint\",\"urlTemplate\":\"https:\/\/www.lesideesalapelle.com\/?s={search_term_string}\"},\"query-input\":\"required name=search_term_string\"}],\"inLanguage\":\"fr-FR\"},{\"@type\":\"Person\",\"@id\":\"https:\/\/www.lesideesalapelle.com\/#\/schema\/person\/c5d8dfb66f3ed0b5ec84cb7fbd66af89\",\"name\":\"les id\u00e9es \u00e0 la pelle\",\"image\":{\"@type\":\"ImageObject\",\"inLanguage\":\"fr-FR\",\"@id\":\"https:\/\/www.lesideesalapelle.com\/#\/schema\/person\/image\/\",\"url\":\"https:\/\/secure.gravatar.com\/avatar\/0472992a927cd38eb30b1232adfbf417?s=96&d=mm&r=g\",\"contentUrl\":\"https:\/\/secure.gravatar.com\/avatar\/0472992a927cd38eb30b1232adfbf417?s=96&d=mm&r=g\",\"caption\":\"les id\u00e9es \u00e0 la pelle\"}}]}<\/script>\n<!-- \/ Yoast SEO plugin. -->","yoast_head_json":{"title":"Les savons de la couronne","description":"Les savons de la couronne , Savons Locaux , certifi\u00e9 Nature et Progr\u00e9s","robots":{"index":"index","follow":"follow","max-snippet":"max-snippet:-1","max-image-preview":"max-image-preview:large","max-video-preview":"max-video-preview:-1"},"canonical":"https:\/\/www.lesideesalapelle.com\/index.php\/2018\/03\/08\/les-savons-de-la-couronne\/","og_locale":"fr_FR","og_type":"article","og_title":"Les savons de la couronne","og_description":"Les savons de la couronne , Savons Locaux , certifi\u00e9 Nature et Progr\u00e9s","og_url":"https:\/\/www.lesideesalapelle.com\/index.php\/2018\/03\/08\/les-savons-de-la-couronne\/","og_site_name":"Les id\u00e9es \u00e0 la pelle magasin bio","article_publisher":"https:\/\/www.facebook.com\/Les-id%c3%a9es-%c3%a0-la-pelle-563968743744472\/","article_published_time":"2018-03-08T20:18:55+00:00","article_modified_time":"2018-04-10T08:40:23+00:00","og_image":[{"url":"http:\/\/www.lesideesalapelle.com\/wp-content\/uploads\/2018\/03\/litsee-gingembre229839421.jpg"}],"author":"les id\u00e9es \u00e0 la pelle","twitter_misc":{"\u00c9crit par":"les id\u00e9es \u00e0 la pelle","Dur\u00e9e de lecture estim\u00e9e":"2 minutes"},"schema":{"@context":"https:\/\/schema.org","@graph":[{"@type":"WebPage","@id":"https:\/\/www.lesideesalapelle.com\/index.php\/2018\/03\/08\/les-savons-de-la-couronne\/","url":"https:\/\/www.lesideesalapelle.com\/index.php\/2018\/03\/08\/les-savons-de-la-couronne\/","name":"Les savons de la couronne","isPartOf":{"@id":"https:\/\/www.lesideesalapelle.com\/#website"},"datePublished":"2018-03-08T20:18:55+00:00","dateModified":"2018-04-10T08:40:23+00:00","author":{"@id":"https:\/\/www.lesideesalapelle.com\/#\/schema\/person\/c5d8dfb66f3ed0b5ec84cb7fbd66af89"},"description":"Les savons de la couronne , Savons Locaux , certifi\u00e9 Nature et Progr\u00e9s","breadcrumb":{"@id":"https:\/\/www.lesideesalapelle.com\/index.php\/2018\/03\/08\/les-savons-de-la-couronne\/#breadcrumb"},"inLanguage":"fr-FR","potentialAction":[{"@type":"ReadAction","target":["https:\/\/www.lesideesalapelle.com\/index.php\/2018\/03\/08\/les-savons-de-la-couronne\/"]}]},{"@type":"BreadcrumbList","@id":"https:\/\/www.lesideesalapelle.com\/index.php\/2018\/03\/08\/les-savons-de-la-couronne\/#breadcrumb","itemListElement":[{"@type":"ListItem","position":1,"name":"Accueil","item":"https:\/\/www.lesideesalapelle.com\/"},{"@type":"ListItem","position":2,"name":"Zoom sur : Les savons de la couronne"}]},{"@type":"WebSite","@id":"https:\/\/www.lesideesalapelle.com\/#website","url":"https:\/\/www.lesideesalapelle.com\/","name":"Les id\u00e9es \u00e0 la pelle magasin bio","description":"Magasin Bio \u00e0 Schaerbeek","potentialAction":[{"@type":"SearchAction","target":{"@type":"EntryPoint","urlTemplate":"https:\/\/www.lesideesalapelle.com\/?s={search_term_string}"},"query-input":"required name=search_term_string"}],"inLanguage":"fr-FR"},{"@type":"Person","@id":"https:\/\/www.lesideesalapelle.com\/#\/schema\/person\/c5d8dfb66f3ed0b5ec84cb7fbd66af89","name":"les id\u00e9es \u00e0 la pelle","image":{"@type":"ImageObject","inLanguage":"fr-FR","@id":"https:\/\/www.lesideesalapelle.com\/#\/schema\/person\/image\/","url":"https:\/\/secure.gravatar.com\/avatar\/0472992a927cd38eb30b1232adfbf417?s=96&d=mm&r=g","contentUrl":"https:\/\/secure.gravatar.com\/avatar\/0472992a927cd38eb30b1232adfbf417?s=96&d=mm&r=g","caption":"les id\u00e9es \u00e0 la pelle"}}]}},"jetpack_featured_media_url":"","jetpack_sharing_enabled":true,"jetpack_shortlink":"https:\/\/wp.me\/p7hjX5-fM","_links":{"self":[{"href":"https:\/\/www.lesideesalapelle.com\/index.php\/wp-json\/wp\/v2\/posts\/978"}],"collection":[{"href":"https:\/\/www.lesideesalapelle.com\/index.php\/wp-json\/wp\/v2\/posts"}],"about":[{"href":"https:\/\/www.lesideesalapelle.com\/index.php\/wp-json\/wp\/v2\/types\/post"}],"author":[{"embeddable":true,"href":"https:\/\/www.lesideesalapelle.com\/index.php\/wp-json\/wp\/v2\/users\/1"}],"replies":[{"embeddable":true,"href":"https:\/\/www.lesideesalapelle.com\/index.php\/wp-json\/wp\/v2\/comments?post=978"}],"version-history":[{"count":7,"href":"https:\/\/www.lesideesalapelle.com\/index.php\/wp-json\/wp\/v2\/posts\/978\/revisions"}],"predecessor-version":[{"id":1011,"href":"https:\/\/www.lesideesalapelle.com\/index.php\/wp-json\/wp\/v2\/posts\/978\/revisions\/1011"}],"wp:attachment":[{"href":"https:\/\/www.lesideesalapelle.com\/index.php\/wp-json\/wp\/v2\/media?parent=978"}],"wp:term":[{"taxonomy":"category","embeddable":true,"href":"https:\/\/www.lesideesalapelle.com\/index.php\/wp-json\/wp\/v2\/categories?post=978"},{"taxonomy":"post_tag","embeddable":true,"href":"https:\/\/www.lesideesalapelle.com\/index.php\/wp-json\/wp\/v2\/tags?post=978"}],"curies":[{"name":"wp","href":"https:\/\/api.w.org\/{rel}","templated":true}]}}