{"id":574,"date":"2016-09-09T15:57:19","date_gmt":"2016-09-09T14:57:19","guid":{"rendered":"http:\/\/www.lesideesalapelle.com\/?p=574"},"modified":"2016-09-09T15:57:19","modified_gmt":"2016-09-09T14:57:19","slug":"journee-voiture-18-septembre","status":"publish","type":"post","link":"https:\/\/www.lesideesalapelle.com\/index.php\/2016\/09\/09\/journee-voiture-18-septembre\/","title":{"rendered":"La journ\u00e9e sans voiture ce 18 septembre"},"content":{"rendered":"<p>Bonjour \u00e0 tous,<\/p>\n<p>Nous vous informons avec plaisir que notre magasin sera ouvert le dimanche 18 septembre de 11 \u00e0 17h \u00e0 l&rsquo;occasion de la journ\u00e9e sans voiture. Il y aura des tas d&rsquo; activ\u00e9s dans la rue, un stand de gravure de v\u00e9lo, des ballades en cal\u00e8ches et bien d&rsquo;autres choses encore.<\/p>\n<p>Pour l&rsquo;occasion nous vous proposerons une petite restauration avec des quiches et des p\u00e2tisseries de la maison \u00ab\u00a0Noirhomme\u00a0\u00bb, parce que les balades \u00e0 pieds ou en v\u00e9lo \u00e7a ouvre l\u2019app\u00e9tit. Nous vous attendons avec impatience pour partager ensemble un bon moment de convivialit\u00e9.<\/p>\n","protected":false},"excerpt":{"rendered":"<p>Bonjour \u00e0 tous, Nous vous informons avec plaisir que notre magasin sera ouvert le dimanche 18 septembre de 11 \u00e0 17h \u00e0 l&rsquo;occasion de la journ\u00e9e sans voiture. Il y aura des tas d&rsquo; activ\u00e9s dans la rue, un stand de gravure de v\u00e9lo, des ballades en cal\u00e8ches et bien d&rsquo;autres choses encore. Pour l&rsquo;occasion [&hellip;]<\/p>\n","protected":false},"author":1,"featured_media":0,"comment_status":"open","ping_status":"open","sticky":false,"template":"","format":"standard","meta":{"jetpack_post_was_ever_published":false},"categories":[23],"tags":[],"yoast_head":"<!-- This site is optimized with the Yoast SEO plugin v19.7.2 - https:\/\/yoast.com\/wordpress\/plugins\/seo\/ -->\n<title>La journ\u00e9e sans voiture ce 18 septembre - Les id\u00e9es \u00e0 la pelle magasin bio<\/title>\n<meta name=\"description\" content=\"Bonjour \u00e0 tous, Nous vous informons avec plaisir que notre magasin sera ouvert le dimanche 18 septembre de 11 \u00e0 17h \u00e0 l&#039;occasion de la journ\u00e9e sans\" \/>\n<meta name=\"robots\" content=\"index, follow, max-snippet:-1, max-image-preview:large, max-video-preview:-1\" \/>\n<link rel=\"canonical\" href=\"https:\/\/www.lesideesalapelle.com\/index.php\/2016\/09\/09\/journee-voiture-18-septembre\/\" \/>\n<meta property=\"og:locale\" content=\"fr_FR\" \/>\n<meta property=\"og:type\" content=\"article\" \/>\n<meta property=\"og:title\" content=\"La journ\u00e9e sans voiture ce 18 septembre - Les id\u00e9es \u00e0 la pelle magasin bio\" \/>\n<meta property=\"og:description\" content=\"Bonjour \u00e0 tous, Nous vous informons avec plaisir que notre magasin sera ouvert le dimanche 18 septembre de 11 \u00e0 17h \u00e0 l&#039;occasion de la journ\u00e9e sans\" \/>\n<meta property=\"og:url\" content=\"https:\/\/www.lesideesalapelle.com\/index.php\/2016\/09\/09\/journee-voiture-18-septembre\/\" \/>\n<meta property=\"og:site_name\" content=\"Les id\u00e9es \u00e0 la pelle magasin bio\" \/>\n<meta property=\"article:publisher\" content=\"https:\/\/www.facebook.com\/Les-id%c3%a9es-%c3%a0-la-pelle-563968743744472\/\" \/>\n<meta property=\"article:published_time\" content=\"2016-09-09T14:57:19+00:00\" \/>\n<meta name=\"author\" content=\"les id\u00e9es \u00e0 la pelle\" \/>\n<meta name=\"twitter:label1\" content=\"\u00c9crit par\" \/>\n\t<meta name=\"twitter:data1\" content=\"les id\u00e9es \u00e0 la pelle\" \/>\n<script type=\"application\/ld+json\" class=\"yoast-schema-graph\">{\"@context\":\"https:\/\/schema.org\",\"@graph\":[{\"@type\":\"WebPage\",\"@id\":\"https:\/\/www.lesideesalapelle.com\/index.php\/2016\/09\/09\/journee-voiture-18-septembre\/\",\"url\":\"https:\/\/www.lesideesalapelle.com\/index.php\/2016\/09\/09\/journee-voiture-18-septembre\/\",\"name\":\"La journ\u00e9e sans voiture ce 18 septembre - Les id\u00e9es \u00e0 la pelle magasin bio\",\"isPartOf\":{\"@id\":\"https:\/\/www.lesideesalapelle.com\/#website\"},\"datePublished\":\"2016-09-09T14:57:19+00:00\",\"dateModified\":\"2016-09-09T14:57:19+00:00\",\"author\":{\"@id\":\"https:\/\/www.lesideesalapelle.com\/#\/schema\/person\/c5d8dfb66f3ed0b5ec84cb7fbd66af89\"},\"description\":\"Bonjour \u00e0 tous, Nous vous informons avec plaisir que notre magasin sera ouvert le dimanche 18 septembre de 11 \u00e0 17h \u00e0 l'occasion de la journ\u00e9e sans\",\"breadcrumb\":{\"@id\":\"https:\/\/www.lesideesalapelle.com\/index.php\/2016\/09\/09\/journee-voiture-18-septembre\/#breadcrumb\"},\"inLanguage\":\"fr-FR\",\"potentialAction\":[{\"@type\":\"ReadAction\",\"target\":[\"https:\/\/www.lesideesalapelle.com\/index.php\/2016\/09\/09\/journee-voiture-18-septembre\/\"]}]},{\"@type\":\"BreadcrumbList\",\"@id\":\"https:\/\/www.lesideesalapelle.com\/index.php\/2016\/09\/09\/journee-voiture-18-septembre\/#breadcrumb\",\"itemListElement\":[{\"@type\":\"ListItem\",\"position\":1,\"name\":\"Accueil\",\"item\":\"https:\/\/www.lesideesalapelle.com\/\"},{\"@type\":\"ListItem\",\"position\":2,\"name\":\"La journ\u00e9e sans voiture ce 18 septembre\"}]},{\"@type\":\"WebSite\",\"@id\":\"https:\/\/www.lesideesalapelle.com\/#website\",\"url\":\"https:\/\/www.lesideesalapelle.com\/\",\"name\":\"Les id\u00e9es \u00e0 la pelle magasin bio\",\"description\":\"Magasin Bio \u00e0 Schaerbeek\",\"potentialAction\":[{\"@type\":\"SearchAction\",\"target\":{\"@type\":\"EntryPoint\",\"urlTemplate\":\"https:\/\/www.lesideesalapelle.com\/?s={search_term_string}\"},\"query-input\":\"required name=search_term_string\"}],\"inLanguage\":\"fr-FR\"},{\"@type\":\"Person\",\"@id\":\"https:\/\/www.lesideesalapelle.com\/#\/schema\/person\/c5d8dfb66f3ed0b5ec84cb7fbd66af89\",\"name\":\"les id\u00e9es \u00e0 la pelle\",\"image\":{\"@type\":\"ImageObject\",\"inLanguage\":\"fr-FR\",\"@id\":\"https:\/\/www.lesideesalapelle.com\/#\/schema\/person\/image\/\",\"url\":\"https:\/\/secure.gravatar.com\/avatar\/0472992a927cd38eb30b1232adfbf417?s=96&d=mm&r=g\",\"contentUrl\":\"https:\/\/secure.gravatar.com\/avatar\/0472992a927cd38eb30b1232adfbf417?s=96&d=mm&r=g\",\"caption\":\"les id\u00e9es \u00e0 la pelle\"}}]}<\/script>\n<!-- \/ Yoast SEO plugin. -->","yoast_head_json":{"title":"La journ\u00e9e sans voiture ce 18 septembre - Les id\u00e9es \u00e0 la pelle magasin bio","description":"Bonjour \u00e0 tous, Nous vous informons avec plaisir que notre magasin sera ouvert le dimanche 18 septembre de 11 \u00e0 17h \u00e0 l'occasion de la journ\u00e9e sans","robots":{"index":"index","follow":"follow","max-snippet":"max-snippet:-1","max-image-preview":"max-image-preview:large","max-video-preview":"max-video-preview:-1"},"canonical":"https:\/\/www.lesideesalapelle.com\/index.php\/2016\/09\/09\/journee-voiture-18-septembre\/","og_locale":"fr_FR","og_type":"article","og_title":"La journ\u00e9e sans voiture ce 18 septembre - Les id\u00e9es \u00e0 la pelle magasin bio","og_description":"Bonjour \u00e0 tous, Nous vous informons avec plaisir que notre magasin sera ouvert le dimanche 18 septembre de 11 \u00e0 17h \u00e0 l'occasion de la journ\u00e9e sans","og_url":"https:\/\/www.lesideesalapelle.com\/index.php\/2016\/09\/09\/journee-voiture-18-septembre\/","og_site_name":"Les id\u00e9es \u00e0 la pelle magasin bio","article_publisher":"https:\/\/www.facebook.com\/Les-id%c3%a9es-%c3%a0-la-pelle-563968743744472\/","article_published_time":"2016-09-09T14:57:19+00:00","author":"les id\u00e9es \u00e0 la pelle","twitter_misc":{"\u00c9crit par":"les id\u00e9es \u00e0 la pelle"},"schema":{"@context":"https:\/\/schema.org","@graph":[{"@type":"WebPage","@id":"https:\/\/www.lesideesalapelle.com\/index.php\/2016\/09\/09\/journee-voiture-18-septembre\/","url":"https:\/\/www.lesideesalapelle.com\/index.php\/2016\/09\/09\/journee-voiture-18-septembre\/","name":"La journ\u00e9e sans voiture ce 18 septembre - Les id\u00e9es \u00e0 la pelle magasin bio","isPartOf":{"@id":"https:\/\/www.lesideesalapelle.com\/#website"},"datePublished":"2016-09-09T14:57:19+00:00","dateModified":"2016-09-09T14:57:19+00:00","author":{"@id":"https:\/\/www.lesideesalapelle.com\/#\/schema\/person\/c5d8dfb66f3ed0b5ec84cb7fbd66af89"},"description":"Bonjour \u00e0 tous, Nous vous informons avec plaisir que notre magasin sera ouvert le dimanche 18 septembre de 11 \u00e0 17h \u00e0 l'occasion de la journ\u00e9e sans","breadcrumb":{"@id":"https:\/\/www.lesideesalapelle.com\/index.php\/2016\/09\/09\/journee-voiture-18-septembre\/#breadcrumb"},"inLanguage":"fr-FR","potentialAction":[{"@type":"ReadAction","target":["https:\/\/www.lesideesalapelle.com\/index.php\/2016\/09\/09\/journee-voiture-18-septembre\/"]}]},{"@type":"BreadcrumbList","@id":"https:\/\/www.lesideesalapelle.com\/index.php\/2016\/09\/09\/journee-voiture-18-septembre\/#breadcrumb","itemListElement":[{"@type":"ListItem","position":1,"name":"Accueil","item":"https:\/\/www.lesideesalapelle.com\/"},{"@type":"ListItem","position":2,"name":"La journ\u00e9e sans voiture ce 18 septembre"}]},{"@type":"WebSite","@id":"https:\/\/www.lesideesalapelle.com\/#website","url":"https:\/\/www.lesideesalapelle.com\/","name":"Les id\u00e9es \u00e0 la pelle magasin bio","description":"Magasin Bio \u00e0 Schaerbeek","potentialAction":[{"@type":"SearchAction","target":{"@type":"EntryPoint","urlTemplate":"https:\/\/www.lesideesalapelle.com\/?s={search_term_string}"},"query-input":"required name=search_term_string"}],"inLanguage":"fr-FR"},{"@type":"Person","@id":"https:\/\/www.lesideesalapelle.com\/#\/schema\/person\/c5d8dfb66f3ed0b5ec84cb7fbd66af89","name":"les id\u00e9es \u00e0 la pelle","image":{"@type":"ImageObject","inLanguage":"fr-FR","@id":"https:\/\/www.lesideesalapelle.com\/#\/schema\/person\/image\/","url":"https:\/\/secure.gravatar.com\/avatar\/0472992a927cd38eb30b1232adfbf417?s=96&d=mm&r=g","contentUrl":"https:\/\/secure.gravatar.com\/avatar\/0472992a927cd38eb30b1232adfbf417?s=96&d=mm&r=g","caption":"les id\u00e9es \u00e0 la pelle"}}]}},"jetpack_featured_media_url":"","jetpack_sharing_enabled":true,"jetpack_shortlink":"https:\/\/wp.me\/p7hjX5-9g","_links":{"self":[{"href":"https:\/\/www.lesideesalapelle.com\/index.php\/wp-json\/wp\/v2\/posts\/574"}],"collection":[{"href":"https:\/\/www.lesideesalapelle.com\/index.php\/wp-json\/wp\/v2\/posts"}],"about":[{"href":"https:\/\/www.lesideesalapelle.com\/index.php\/wp-json\/wp\/v2\/types\/post"}],"author":[{"embeddable":true,"href":"https:\/\/www.lesideesalapelle.com\/index.php\/wp-json\/wp\/v2\/users\/1"}],"replies":[{"embeddable":true,"href":"https:\/\/www.lesideesalapelle.com\/index.php\/wp-json\/wp\/v2\/comments?post=574"}],"version-history":[{"count":1,"href":"https:\/\/www.lesideesalapelle.com\/index.php\/wp-json\/wp\/v2\/posts\/574\/revisions"}],"predecessor-version":[{"id":575,"href":"https:\/\/www.lesideesalapelle.com\/index.php\/wp-json\/wp\/v2\/posts\/574\/revisions\/575"}],"wp:attachment":[{"href":"https:\/\/www.lesideesalapelle.com\/index.php\/wp-json\/wp\/v2\/media?parent=574"}],"wp:term":[{"taxonomy":"category","embeddable":true,"href":"https:\/\/www.lesideesalapelle.com\/index.php\/wp-json\/wp\/v2\/categories?post=574"},{"taxonomy":"post_tag","embeddable":true,"href":"https:\/\/www.lesideesalapelle.com\/index.php\/wp-json\/wp\/v2\/tags?post=574"}],"curies":[{"name":"wp","href":"https:\/\/api.w.org\/{rel}","templated":true}]}}