{"id":5279,"date":"2023-02-03T09:38:56","date_gmt":"2023-02-03T08:38:56","guid":{"rendered":"https:\/\/www.lesideesalapelle.com\/?p=5279"},"modified":"2023-02-03T09:40:23","modified_gmt":"2023-02-03T08:40:23","slug":"fevrier-sans-supermarche","status":"publish","type":"post","link":"https:\/\/www.lesideesalapelle.com\/index.php\/2023\/02\/03\/fevrier-sans-supermarche\/","title":{"rendered":"F\u00e9vrier sans supermarch\u00e9"},"content":{"rendered":"\n<figure class=\"wp-block-image size-full\"><img loading=\"lazy\" width=\"940\" height=\"788\" src=\"https:\/\/i0.wp.com\/www.lesideesalapelle.com\/wp-content\/uploads\/2023\/02\/20230203_093305_0000.png?resize=940%2C788&#038;ssl=1\" alt=\"\" class=\"wp-image-5280\" srcset=\"https:\/\/i0.wp.com\/www.lesideesalapelle.com\/wp-content\/uploads\/2023\/02\/20230203_093305_0000.png?w=940&amp;ssl=1 940w, https:\/\/i0.wp.com\/www.lesideesalapelle.com\/wp-content\/uploads\/2023\/02\/20230203_093305_0000.png?resize=595%2C499&amp;ssl=1 595w, https:\/\/i0.wp.com\/www.lesideesalapelle.com\/wp-content\/uploads\/2023\/02\/20230203_093305_0000.png?resize=768%2C644&amp;ssl=1 768w, https:\/\/i0.wp.com\/www.lesideesalapelle.com\/wp-content\/uploads\/2023\/02\/20230203_093305_0000.png?resize=600%2C503&amp;ssl=1 600w\" sizes=\"(max-width: 940px) 100vw, 940px\" data-recalc-dims=\"1\" \/><figcaption># F\u00e9vrier sans supermarch\u00e9<\/figcaption><\/figure>\n","protected":false},"excerpt":{"rendered":"","protected":false},"author":1,"featured_media":0,"comment_status":"open","ping_status":"open","sticky":false,"template":"","format":"standard","meta":{"jetpack_post_was_ever_published":false},"categories":[23],"tags":[],"yoast_head":"<!-- This site is optimized with the Yoast SEO plugin v19.7.2 - https:\/\/yoast.com\/wordpress\/plugins\/seo\/ -->\n<title>F\u00e9vrier sans supermarch\u00e9 - Les id\u00e9es \u00e0 la pelle magasin bio<\/title>\n<meta name=\"description\" content=\"# F\u00e9vrier sans supermarch\u00e9\" \/>\n<meta name=\"robots\" content=\"index, follow, max-snippet:-1, max-image-preview:large, max-video-preview:-1\" \/>\n<link rel=\"canonical\" href=\"https:\/\/www.lesideesalapelle.com\/index.php\/2023\/02\/03\/fevrier-sans-supermarche\/\" \/>\n<meta property=\"og:locale\" content=\"fr_FR\" \/>\n<meta property=\"og:type\" content=\"article\" \/>\n<meta property=\"og:title\" content=\"F\u00e9vrier sans supermarch\u00e9 - Les id\u00e9es \u00e0 la pelle magasin bio\" \/>\n<meta property=\"og:description\" content=\"# F\u00e9vrier sans supermarch\u00e9\" \/>\n<meta property=\"og:url\" content=\"https:\/\/www.lesideesalapelle.com\/index.php\/2023\/02\/03\/fevrier-sans-supermarche\/\" \/>\n<meta property=\"og:site_name\" content=\"Les id\u00e9es \u00e0 la pelle magasin bio\" \/>\n<meta property=\"article:publisher\" content=\"https:\/\/www.facebook.com\/Les-id%c3%a9es-%c3%a0-la-pelle-563968743744472\/\" \/>\n<meta property=\"article:published_time\" content=\"2023-02-03T08:38:56+00:00\" \/>\n<meta property=\"article:modified_time\" content=\"2023-02-03T08:40:23+00:00\" \/>\n<meta property=\"og:image\" content=\"https:\/\/www.lesideesalapelle.com\/wp-content\/uploads\/2023\/02\/20230203_093305_0000.png\" \/>\n<meta name=\"author\" content=\"les id\u00e9es \u00e0 la pelle\" \/>\n<meta name=\"twitter:label1\" content=\"\u00c9crit par\" \/>\n\t<meta name=\"twitter:data1\" content=\"les id\u00e9es \u00e0 la pelle\" \/>\n\t<meta name=\"twitter:label2\" content=\"Dur\u00e9e de lecture estim\u00e9e\" \/>\n\t<meta name=\"twitter:data2\" content=\"1 minute\" \/>\n<script type=\"application\/ld+json\" class=\"yoast-schema-graph\">{\"@context\":\"https:\/\/schema.org\",\"@graph\":[{\"@type\":\"WebPage\",\"@id\":\"https:\/\/www.lesideesalapelle.com\/index.php\/2023\/02\/03\/fevrier-sans-supermarche\/\",\"url\":\"https:\/\/www.lesideesalapelle.com\/index.php\/2023\/02\/03\/fevrier-sans-supermarche\/\",\"name\":\"F\u00e9vrier sans supermarch\u00e9 - Les id\u00e9es \u00e0 la pelle magasin bio\",\"isPartOf\":{\"@id\":\"https:\/\/www.lesideesalapelle.com\/#website\"},\"datePublished\":\"2023-02-03T08:38:56+00:00\",\"dateModified\":\"2023-02-03T08:40:23+00:00\",\"author\":{\"@id\":\"https:\/\/www.lesideesalapelle.com\/#\/schema\/person\/c5d8dfb66f3ed0b5ec84cb7fbd66af89\"},\"description\":\"# F\u00e9vrier sans supermarch\u00e9\",\"breadcrumb\":{\"@id\":\"https:\/\/www.lesideesalapelle.com\/index.php\/2023\/02\/03\/fevrier-sans-supermarche\/#breadcrumb\"},\"inLanguage\":\"fr-FR\",\"potentialAction\":[{\"@type\":\"ReadAction\",\"target\":[\"https:\/\/www.lesideesalapelle.com\/index.php\/2023\/02\/03\/fevrier-sans-supermarche\/\"]}]},{\"@type\":\"BreadcrumbList\",\"@id\":\"https:\/\/www.lesideesalapelle.com\/index.php\/2023\/02\/03\/fevrier-sans-supermarche\/#breadcrumb\",\"itemListElement\":[{\"@type\":\"ListItem\",\"position\":1,\"name\":\"Accueil\",\"item\":\"https:\/\/www.lesideesalapelle.com\/\"},{\"@type\":\"ListItem\",\"position\":2,\"name\":\"F\u00e9vrier sans supermarch\u00e9\"}]},{\"@type\":\"WebSite\",\"@id\":\"https:\/\/www.lesideesalapelle.com\/#website\",\"url\":\"https:\/\/www.lesideesalapelle.com\/\",\"name\":\"Les id\u00e9es \u00e0 la pelle magasin bio\",\"description\":\"Magasin Bio \u00e0 Schaerbeek\",\"potentialAction\":[{\"@type\":\"SearchAction\",\"target\":{\"@type\":\"EntryPoint\",\"urlTemplate\":\"https:\/\/www.lesideesalapelle.com\/?s={search_term_string}\"},\"query-input\":\"required name=search_term_string\"}],\"inLanguage\":\"fr-FR\"},{\"@type\":\"Person\",\"@id\":\"https:\/\/www.lesideesalapelle.com\/#\/schema\/person\/c5d8dfb66f3ed0b5ec84cb7fbd66af89\",\"name\":\"les id\u00e9es \u00e0 la pelle\",\"image\":{\"@type\":\"ImageObject\",\"inLanguage\":\"fr-FR\",\"@id\":\"https:\/\/www.lesideesalapelle.com\/#\/schema\/person\/image\/\",\"url\":\"https:\/\/secure.gravatar.com\/avatar\/0472992a927cd38eb30b1232adfbf417?s=96&d=mm&r=g\",\"contentUrl\":\"https:\/\/secure.gravatar.com\/avatar\/0472992a927cd38eb30b1232adfbf417?s=96&d=mm&r=g\",\"caption\":\"les id\u00e9es \u00e0 la pelle\"}}]}<\/script>\n<!-- \/ Yoast SEO plugin. -->","yoast_head_json":{"title":"F\u00e9vrier sans supermarch\u00e9 - Les id\u00e9es \u00e0 la pelle magasin bio","description":"# F\u00e9vrier sans supermarch\u00e9","robots":{"index":"index","follow":"follow","max-snippet":"max-snippet:-1","max-image-preview":"max-image-preview:large","max-video-preview":"max-video-preview:-1"},"canonical":"https:\/\/www.lesideesalapelle.com\/index.php\/2023\/02\/03\/fevrier-sans-supermarche\/","og_locale":"fr_FR","og_type":"article","og_title":"F\u00e9vrier sans supermarch\u00e9 - Les id\u00e9es \u00e0 la pelle magasin bio","og_description":"# F\u00e9vrier sans supermarch\u00e9","og_url":"https:\/\/www.lesideesalapelle.com\/index.php\/2023\/02\/03\/fevrier-sans-supermarche\/","og_site_name":"Les id\u00e9es \u00e0 la pelle magasin bio","article_publisher":"https:\/\/www.facebook.com\/Les-id%c3%a9es-%c3%a0-la-pelle-563968743744472\/","article_published_time":"2023-02-03T08:38:56+00:00","article_modified_time":"2023-02-03T08:40:23+00:00","og_image":[{"url":"https:\/\/www.lesideesalapelle.com\/wp-content\/uploads\/2023\/02\/20230203_093305_0000.png"}],"author":"les id\u00e9es \u00e0 la pelle","twitter_misc":{"\u00c9crit par":"les id\u00e9es \u00e0 la pelle","Dur\u00e9e de lecture estim\u00e9e":"1 minute"},"schema":{"@context":"https:\/\/schema.org","@graph":[{"@type":"WebPage","@id":"https:\/\/www.lesideesalapelle.com\/index.php\/2023\/02\/03\/fevrier-sans-supermarche\/","url":"https:\/\/www.lesideesalapelle.com\/index.php\/2023\/02\/03\/fevrier-sans-supermarche\/","name":"F\u00e9vrier sans supermarch\u00e9 - Les id\u00e9es \u00e0 la pelle magasin bio","isPartOf":{"@id":"https:\/\/www.lesideesalapelle.com\/#website"},"datePublished":"2023-02-03T08:38:56+00:00","dateModified":"2023-02-03T08:40:23+00:00","author":{"@id":"https:\/\/www.lesideesalapelle.com\/#\/schema\/person\/c5d8dfb66f3ed0b5ec84cb7fbd66af89"},"description":"# F\u00e9vrier sans supermarch\u00e9","breadcrumb":{"@id":"https:\/\/www.lesideesalapelle.com\/index.php\/2023\/02\/03\/fevrier-sans-supermarche\/#breadcrumb"},"inLanguage":"fr-FR","potentialAction":[{"@type":"ReadAction","target":["https:\/\/www.lesideesalapelle.com\/index.php\/2023\/02\/03\/fevrier-sans-supermarche\/"]}]},{"@type":"BreadcrumbList","@id":"https:\/\/www.lesideesalapelle.com\/index.php\/2023\/02\/03\/fevrier-sans-supermarche\/#breadcrumb","itemListElement":[{"@type":"ListItem","position":1,"name":"Accueil","item":"https:\/\/www.lesideesalapelle.com\/"},{"@type":"ListItem","position":2,"name":"F\u00e9vrier sans supermarch\u00e9"}]},{"@type":"WebSite","@id":"https:\/\/www.lesideesalapelle.com\/#website","url":"https:\/\/www.lesideesalapelle.com\/","name":"Les id\u00e9es \u00e0 la pelle magasin bio","description":"Magasin Bio \u00e0 Schaerbeek","potentialAction":[{"@type":"SearchAction","target":{"@type":"EntryPoint","urlTemplate":"https:\/\/www.lesideesalapelle.com\/?s={search_term_string}"},"query-input":"required name=search_term_string"}],"inLanguage":"fr-FR"},{"@type":"Person","@id":"https:\/\/www.lesideesalapelle.com\/#\/schema\/person\/c5d8dfb66f3ed0b5ec84cb7fbd66af89","name":"les id\u00e9es \u00e0 la pelle","image":{"@type":"ImageObject","inLanguage":"fr-FR","@id":"https:\/\/www.lesideesalapelle.com\/#\/schema\/person\/image\/","url":"https:\/\/secure.gravatar.com\/avatar\/0472992a927cd38eb30b1232adfbf417?s=96&d=mm&r=g","contentUrl":"https:\/\/secure.gravatar.com\/avatar\/0472992a927cd38eb30b1232adfbf417?s=96&d=mm&r=g","caption":"les id\u00e9es \u00e0 la pelle"}}]}},"jetpack_featured_media_url":"","jetpack_sharing_enabled":true,"jetpack_shortlink":"https:\/\/wp.me\/p7hjX5-1n9","_links":{"self":[{"href":"https:\/\/www.lesideesalapelle.com\/index.php\/wp-json\/wp\/v2\/posts\/5279"}],"collection":[{"href":"https:\/\/www.lesideesalapelle.com\/index.php\/wp-json\/wp\/v2\/posts"}],"about":[{"href":"https:\/\/www.lesideesalapelle.com\/index.php\/wp-json\/wp\/v2\/types\/post"}],"author":[{"embeddable":true,"href":"https:\/\/www.lesideesalapelle.com\/index.php\/wp-json\/wp\/v2\/users\/1"}],"replies":[{"embeddable":true,"href":"https:\/\/www.lesideesalapelle.com\/index.php\/wp-json\/wp\/v2\/comments?post=5279"}],"version-history":[{"count":2,"href":"https:\/\/www.lesideesalapelle.com\/index.php\/wp-json\/wp\/v2\/posts\/5279\/revisions"}],"predecessor-version":[{"id":5283,"href":"https:\/\/www.lesideesalapelle.com\/index.php\/wp-json\/wp\/v2\/posts\/5279\/revisions\/5283"}],"wp:attachment":[{"href":"https:\/\/www.lesideesalapelle.com\/index.php\/wp-json\/wp\/v2\/media?parent=5279"}],"wp:term":[{"taxonomy":"category","embeddable":true,"href":"https:\/\/www.lesideesalapelle.com\/index.php\/wp-json\/wp\/v2\/categories?post=5279"},{"taxonomy":"post_tag","embeddable":true,"href":"https:\/\/www.lesideesalapelle.com\/index.php\/wp-json\/wp\/v2\/tags?post=5279"}],"curies":[{"name":"wp","href":"https:\/\/api.w.org\/{rel}","templated":true}]}}