{"id":496,"date":"2016-06-10T17:14:42","date_gmt":"2016-06-10T16:14:42","guid":{"rendered":"http:\/\/www.lesideesalapelle.com\/?p=496"},"modified":"2016-06-10T17:12:42","modified_gmt":"2016-06-10T16:12:42","slug":"an-deja","status":"publish","type":"post","link":"https:\/\/www.lesideesalapelle.com\/index.php\/2016\/06\/10\/an-deja\/","title":{"rendered":"une ann\u00e9e d\u00e9j\u00e0"},"content":{"rendered":"<h1>\u00a0une ann\u00e9e d\u00e9j\u00e0<\/h1>\n<p>Voil\u00e0\u00a0une ann\u00e9e d\u00e9j\u00e0\u00a0que nous avons ouvert notre petit magasin; cela se f\u00eate ! Nous vous proposons de c\u00e9l\u00e9brer cet anniversaire le 22 juin \u00e0 partir de 15 H. \u00a0Moment assez informel, nous aimerions vous remercier de votre fid\u00e9lit\u00e9 \u00a0et nous voulons marquer l&rsquo;\u00e9volution importante du magasin durant cette ann\u00e9e et notamment les derniers changements en date. Nous voulons\u00a0aussi souligner le lien entre nos fournisseurs &#8211; producteurs et vous et donc certains d&rsquo;entres eux seront pr\u00e9sents une partie de l\u2019apr\u00e8s-midi.\u00a0Bien entendu le magasin restera ouvert comme d&rsquo;habitude.<\/p>\n<p><img loading=\"lazy\" class=\"alignnone wp-image-508 size-full\" src=\"https:\/\/i0.wp.com\/www.lesideesalapelle.com\/wp-content\/uploads\/2016\/06\/1-an-bis-1.png?resize=640%2C400\" alt=\"1 an bis\" width=\"640\" height=\"400\" srcset=\"https:\/\/i0.wp.com\/www.lesideesalapelle.com\/wp-content\/uploads\/2016\/06\/1-an-bis-1.png?w=640&amp;ssl=1 640w, https:\/\/i0.wp.com\/www.lesideesalapelle.com\/wp-content\/uploads\/2016\/06\/1-an-bis-1.png?resize=600%2C375&amp;ssl=1 600w, https:\/\/i0.wp.com\/www.lesideesalapelle.com\/wp-content\/uploads\/2016\/06\/1-an-bis-1.png?resize=595%2C372&amp;ssl=1 595w\" sizes=\"(max-width: 640px) 100vw, 640px\" data-recalc-dims=\"1\" \/><\/p>\n<h2>concours dessins pour enfants<\/h2>\n<p>Parmi les quelques surprises \u00a0qu&rsquo;on vous r\u00e9serve, on organise <strong>un concours de dessins pour nos plus jeunes clients<\/strong>. On vous propose de d\u00e9corer notre vitrine c\u00f4t\u00e9 \u00ab\u00a0rue de la ruche\u00a0\u00bb avec les dessins de vos charmants bambins. Chaque participant recevra une petite compote Poki \u00a0lors de la remise du dessin en magasin et le 22 juin une main innocente tirera 3 participants, ils gagneront un lot plus important. \u00a0Le th\u00e8me et format sont libres. Afin de vous recontacter pour les lots veuillez noter votre nom et votre email\/num\u00e9ro au recto du dessin. Une table avec du mat\u00e9riel sera \u00e0 votre disposition le 22 juin pour donner la possibilit\u00e9 \u00e0 vos enfants de dessiner cependant une boite sera disponible d\u00e8s maintenant pour les plus press\u00e9s.<\/p>\n<p>On se donne rdv le 22 ou avant \ud83d\ude42<\/p>\n<p>Benjamin et Aur\u00e9lie<\/p>\n","protected":false},"excerpt":{"rendered":"<p>\u00a0une ann\u00e9e d\u00e9j\u00e0 Voil\u00e0\u00a0une ann\u00e9e d\u00e9j\u00e0\u00a0que nous avons ouvert notre petit magasin; cela se f\u00eate ! Nous vous proposons de c\u00e9l\u00e9brer cet anniversaire le 22 juin \u00e0 partir de 15 H. \u00a0Moment assez informel, nous aimerions vous remercier de votre fid\u00e9lit\u00e9 \u00a0et nous voulons marquer l&rsquo;\u00e9volution importante du magasin durant cette ann\u00e9e et notamment les [&hellip;]<\/p>\n","protected":false},"author":1,"featured_media":0,"comment_status":"open","ping_status":"open","sticky":false,"template":"","format":"standard","meta":{"jetpack_post_was_ever_published":false},"categories":[23],"tags":[],"yoast_head":"<!-- This site is optimized with the Yoast SEO plugin v19.7.2 - https:\/\/yoast.com\/wordpress\/plugins\/seo\/ -->\n<title>une ann\u00e9e d\u00e9j\u00e0 - Les id\u00e9es \u00e0 la pelle magasin bio<\/title>\n<meta name=\"description\" content=\"Les id\u00e9es \u00e0 la pelle : Une ann\u00e9e d\u00e9j\u00e0. Voici un an que nous avons ouvert notre magasin... cela se f\u00eate !!!!\" \/>\n<meta name=\"robots\" content=\"index, follow, max-snippet:-1, max-image-preview:large, max-video-preview:-1\" \/>\n<link rel=\"canonical\" href=\"https:\/\/www.lesideesalapelle.com\/index.php\/2016\/06\/10\/an-deja\/\" \/>\n<meta property=\"og:locale\" content=\"fr_FR\" \/>\n<meta property=\"og:type\" content=\"article\" \/>\n<meta property=\"og:title\" content=\"une ann\u00e9e d\u00e9j\u00e0 - Les id\u00e9es \u00e0 la pelle magasin bio\" \/>\n<meta property=\"og:description\" content=\"Les id\u00e9es \u00e0 la pelle : Une ann\u00e9e d\u00e9j\u00e0. Voici un an que nous avons ouvert notre magasin... cela se f\u00eate !!!!\" \/>\n<meta property=\"og:url\" content=\"https:\/\/www.lesideesalapelle.com\/index.php\/2016\/06\/10\/an-deja\/\" \/>\n<meta property=\"og:site_name\" content=\"Les id\u00e9es \u00e0 la pelle magasin bio\" \/>\n<meta property=\"article:publisher\" content=\"https:\/\/www.facebook.com\/Les-id%c3%a9es-%c3%a0-la-pelle-563968743744472\/\" \/>\n<meta property=\"article:published_time\" content=\"2016-06-10T16:14:42+00:00\" \/>\n<meta property=\"article:modified_time\" content=\"2016-06-10T16:12:42+00:00\" \/>\n<meta name=\"author\" content=\"les id\u00e9es \u00e0 la pelle\" \/>\n<meta name=\"twitter:label1\" content=\"\u00c9crit par\" \/>\n\t<meta name=\"twitter:data1\" content=\"les id\u00e9es \u00e0 la pelle\" \/>\n\t<meta name=\"twitter:label2\" content=\"Dur\u00e9e de lecture estim\u00e9e\" \/>\n\t<meta name=\"twitter:data2\" content=\"1 minute\" \/>\n<script type=\"application\/ld+json\" class=\"yoast-schema-graph\">{\"@context\":\"https:\/\/schema.org\",\"@graph\":[{\"@type\":\"WebPage\",\"@id\":\"https:\/\/www.lesideesalapelle.com\/index.php\/2016\/06\/10\/an-deja\/\",\"url\":\"https:\/\/www.lesideesalapelle.com\/index.php\/2016\/06\/10\/an-deja\/\",\"name\":\"une ann\u00e9e d\u00e9j\u00e0 - Les id\u00e9es \u00e0 la pelle magasin bio\",\"isPartOf\":{\"@id\":\"https:\/\/www.lesideesalapelle.com\/#website\"},\"datePublished\":\"2016-06-10T16:14:42+00:00\",\"dateModified\":\"2016-06-10T16:12:42+00:00\",\"author\":{\"@id\":\"https:\/\/www.lesideesalapelle.com\/#\/schema\/person\/c5d8dfb66f3ed0b5ec84cb7fbd66af89\"},\"description\":\"Les id\u00e9es \u00e0 la pelle : Une ann\u00e9e d\u00e9j\u00e0. Voici un an que nous avons ouvert notre magasin... cela se f\u00eate !!!!\",\"breadcrumb\":{\"@id\":\"https:\/\/www.lesideesalapelle.com\/index.php\/2016\/06\/10\/an-deja\/#breadcrumb\"},\"inLanguage\":\"fr-FR\",\"potentialAction\":[{\"@type\":\"ReadAction\",\"target\":[\"https:\/\/www.lesideesalapelle.com\/index.php\/2016\/06\/10\/an-deja\/\"]}]},{\"@type\":\"BreadcrumbList\",\"@id\":\"https:\/\/www.lesideesalapelle.com\/index.php\/2016\/06\/10\/an-deja\/#breadcrumb\",\"itemListElement\":[{\"@type\":\"ListItem\",\"position\":1,\"name\":\"Accueil\",\"item\":\"https:\/\/www.lesideesalapelle.com\/\"},{\"@type\":\"ListItem\",\"position\":2,\"name\":\"une ann\u00e9e d\u00e9j\u00e0\"}]},{\"@type\":\"WebSite\",\"@id\":\"https:\/\/www.lesideesalapelle.com\/#website\",\"url\":\"https:\/\/www.lesideesalapelle.com\/\",\"name\":\"Les id\u00e9es \u00e0 la pelle magasin bio\",\"description\":\"Magasin Bio \u00e0 Schaerbeek\",\"potentialAction\":[{\"@type\":\"SearchAction\",\"target\":{\"@type\":\"EntryPoint\",\"urlTemplate\":\"https:\/\/www.lesideesalapelle.com\/?s={search_term_string}\"},\"query-input\":\"required name=search_term_string\"}],\"inLanguage\":\"fr-FR\"},{\"@type\":\"Person\",\"@id\":\"https:\/\/www.lesideesalapelle.com\/#\/schema\/person\/c5d8dfb66f3ed0b5ec84cb7fbd66af89\",\"name\":\"les id\u00e9es \u00e0 la pelle\",\"image\":{\"@type\":\"ImageObject\",\"inLanguage\":\"fr-FR\",\"@id\":\"https:\/\/www.lesideesalapelle.com\/#\/schema\/person\/image\/\",\"url\":\"https:\/\/secure.gravatar.com\/avatar\/0472992a927cd38eb30b1232adfbf417?s=96&d=mm&r=g\",\"contentUrl\":\"https:\/\/secure.gravatar.com\/avatar\/0472992a927cd38eb30b1232adfbf417?s=96&d=mm&r=g\",\"caption\":\"les id\u00e9es \u00e0 la pelle\"}}]}<\/script>\n<!-- \/ Yoast SEO plugin. -->","yoast_head_json":{"title":"une ann\u00e9e d\u00e9j\u00e0 - Les id\u00e9es \u00e0 la pelle magasin bio","description":"Les id\u00e9es \u00e0 la pelle : Une ann\u00e9e d\u00e9j\u00e0. Voici un an que nous avons ouvert notre magasin... cela se f\u00eate !!!!","robots":{"index":"index","follow":"follow","max-snippet":"max-snippet:-1","max-image-preview":"max-image-preview:large","max-video-preview":"max-video-preview:-1"},"canonical":"https:\/\/www.lesideesalapelle.com\/index.php\/2016\/06\/10\/an-deja\/","og_locale":"fr_FR","og_type":"article","og_title":"une ann\u00e9e d\u00e9j\u00e0 - Les id\u00e9es \u00e0 la pelle magasin bio","og_description":"Les id\u00e9es \u00e0 la pelle : Une ann\u00e9e d\u00e9j\u00e0. Voici un an que nous avons ouvert notre magasin... cela se f\u00eate !!!!","og_url":"https:\/\/www.lesideesalapelle.com\/index.php\/2016\/06\/10\/an-deja\/","og_site_name":"Les id\u00e9es \u00e0 la pelle magasin bio","article_publisher":"https:\/\/www.facebook.com\/Les-id%c3%a9es-%c3%a0-la-pelle-563968743744472\/","article_published_time":"2016-06-10T16:14:42+00:00","article_modified_time":"2016-06-10T16:12:42+00:00","author":"les id\u00e9es \u00e0 la pelle","twitter_misc":{"\u00c9crit par":"les id\u00e9es \u00e0 la pelle","Dur\u00e9e de lecture estim\u00e9e":"1 minute"},"schema":{"@context":"https:\/\/schema.org","@graph":[{"@type":"WebPage","@id":"https:\/\/www.lesideesalapelle.com\/index.php\/2016\/06\/10\/an-deja\/","url":"https:\/\/www.lesideesalapelle.com\/index.php\/2016\/06\/10\/an-deja\/","name":"une ann\u00e9e d\u00e9j\u00e0 - Les id\u00e9es \u00e0 la pelle magasin bio","isPartOf":{"@id":"https:\/\/www.lesideesalapelle.com\/#website"},"datePublished":"2016-06-10T16:14:42+00:00","dateModified":"2016-06-10T16:12:42+00:00","author":{"@id":"https:\/\/www.lesideesalapelle.com\/#\/schema\/person\/c5d8dfb66f3ed0b5ec84cb7fbd66af89"},"description":"Les id\u00e9es \u00e0 la pelle : Une ann\u00e9e d\u00e9j\u00e0. Voici un an que nous avons ouvert notre magasin... cela se f\u00eate !!!!","breadcrumb":{"@id":"https:\/\/www.lesideesalapelle.com\/index.php\/2016\/06\/10\/an-deja\/#breadcrumb"},"inLanguage":"fr-FR","potentialAction":[{"@type":"ReadAction","target":["https:\/\/www.lesideesalapelle.com\/index.php\/2016\/06\/10\/an-deja\/"]}]},{"@type":"BreadcrumbList","@id":"https:\/\/www.lesideesalapelle.com\/index.php\/2016\/06\/10\/an-deja\/#breadcrumb","itemListElement":[{"@type":"ListItem","position":1,"name":"Accueil","item":"https:\/\/www.lesideesalapelle.com\/"},{"@type":"ListItem","position":2,"name":"une ann\u00e9e d\u00e9j\u00e0"}]},{"@type":"WebSite","@id":"https:\/\/www.lesideesalapelle.com\/#website","url":"https:\/\/www.lesideesalapelle.com\/","name":"Les id\u00e9es \u00e0 la pelle magasin bio","description":"Magasin Bio \u00e0 Schaerbeek","potentialAction":[{"@type":"SearchAction","target":{"@type":"EntryPoint","urlTemplate":"https:\/\/www.lesideesalapelle.com\/?s={search_term_string}"},"query-input":"required name=search_term_string"}],"inLanguage":"fr-FR"},{"@type":"Person","@id":"https:\/\/www.lesideesalapelle.com\/#\/schema\/person\/c5d8dfb66f3ed0b5ec84cb7fbd66af89","name":"les id\u00e9es \u00e0 la pelle","image":{"@type":"ImageObject","inLanguage":"fr-FR","@id":"https:\/\/www.lesideesalapelle.com\/#\/schema\/person\/image\/","url":"https:\/\/secure.gravatar.com\/avatar\/0472992a927cd38eb30b1232adfbf417?s=96&d=mm&r=g","contentUrl":"https:\/\/secure.gravatar.com\/avatar\/0472992a927cd38eb30b1232adfbf417?s=96&d=mm&r=g","caption":"les id\u00e9es \u00e0 la pelle"}}]}},"jetpack_featured_media_url":"","jetpack_sharing_enabled":true,"jetpack_shortlink":"https:\/\/wp.me\/p7hjX5-80","_links":{"self":[{"href":"https:\/\/www.lesideesalapelle.com\/index.php\/wp-json\/wp\/v2\/posts\/496"}],"collection":[{"href":"https:\/\/www.lesideesalapelle.com\/index.php\/wp-json\/wp\/v2\/posts"}],"about":[{"href":"https:\/\/www.lesideesalapelle.com\/index.php\/wp-json\/wp\/v2\/types\/post"}],"author":[{"embeddable":true,"href":"https:\/\/www.lesideesalapelle.com\/index.php\/wp-json\/wp\/v2\/users\/1"}],"replies":[{"embeddable":true,"href":"https:\/\/www.lesideesalapelle.com\/index.php\/wp-json\/wp\/v2\/comments?post=496"}],"version-history":[{"count":9,"href":"https:\/\/www.lesideesalapelle.com\/index.php\/wp-json\/wp\/v2\/posts\/496\/revisions"}],"predecessor-version":[{"id":512,"href":"https:\/\/www.lesideesalapelle.com\/index.php\/wp-json\/wp\/v2\/posts\/496\/revisions\/512"}],"wp:attachment":[{"href":"https:\/\/www.lesideesalapelle.com\/index.php\/wp-json\/wp\/v2\/media?parent=496"}],"wp:term":[{"taxonomy":"category","embeddable":true,"href":"https:\/\/www.lesideesalapelle.com\/index.php\/wp-json\/wp\/v2\/categories?post=496"},{"taxonomy":"post_tag","embeddable":true,"href":"https:\/\/www.lesideesalapelle.com\/index.php\/wp-json\/wp\/v2\/tags?post=496"}],"curies":[{"name":"wp","href":"https:\/\/api.w.org\/{rel}","templated":true}]}}