{"id":2591,"date":"2020-04-11T12:42:01","date_gmt":"2020-04-11T11:42:01","guid":{"rendered":"https:\/\/www.lesideesalapelle.com\/?p=2591"},"modified":"2020-04-14T12:05:29","modified_gmt":"2020-04-14T11:05:29","slug":"reouverture-le-27-avril","status":"publish","type":"post","link":"https:\/\/www.lesideesalapelle.com\/index.php\/2020\/04\/11\/reouverture-le-27-avril\/","title":{"rendered":"Fermeture du WEBSHOP et R\u00e9ouverture le 27 avril"},"content":{"rendered":"\n<p>Bonjour \u00e0 tous,<br \/>J&rsquo;ai une bonne et une mauvaise nouvelle&#8230;<\/p>\n\n\n\n<p>* La bonne c&rsquo;est que nous r\u00e9ouvrons \u00e0 partir du lundi 27 avril avec les horaires suivants : lundi au vendredi 10h &#8211; 19h<\/p>\n\n\n\n<p>* La mauvaise c&rsquo;est que nous arr\u00eatons le webshop&#8230;<\/p>\n\n\n\n<p>Les livraisons de fruits et l\u00e9gumes sont trop al\u00e9atoires. Nous ne les recevons jamais \u00e0 temps et il manque \u00e9norm\u00e9ment de produits pour r\u00e9aliser les commandes. Malgr\u00e9 nos efforts et ceux de nos fournisseurs, nous ne parvenons pas \u00e0 vous proposer un service satisfaisant.<\/p>\n\n\n\n<p>On se voit le 27 en pleine forme, d&rsquo;ici l\u00e0 restez chez vous, prenez soin de vous et de vos proches.<\/p>\n","protected":false},"excerpt":{"rendered":"<p>Bonjour \u00e0 tous,J&rsquo;ai une bonne et une mauvaise nouvelle&#8230; * La bonne c&rsquo;est que nous r\u00e9ouvrons \u00e0 partir du lundi 27 avril avec les horaires suivants : lundi au vendredi 10h &#8211; 19h * La mauvaise c&rsquo;est que nous arr\u00eatons le webshop&#8230; Les livraisons de fruits et l\u00e9gumes sont trop al\u00e9atoires. Nous ne les recevons [&hellip;]<\/p>\n","protected":false},"author":1,"featured_media":0,"comment_status":"open","ping_status":"open","sticky":false,"template":"","format":"standard","meta":{"jetpack_post_was_ever_published":false},"categories":[23],"tags":[],"yoast_head":"<!-- This site is optimized with the Yoast SEO plugin v19.7.2 - https:\/\/yoast.com\/wordpress\/plugins\/seo\/ -->\n<title>Fermeture du WEBSHOP et R\u00e9ouverture le 27 avril - Les id\u00e9es \u00e0 la pelle magasin bio<\/title>\n<meta name=\"description\" content=\"Bonjour \u00e0 tous,J&#039;ai une bonne et une mauvaise nouvelle... * La bonne c&#039;est que nous r\u00e9ouvrons \u00e0 partir du lundi 27 avril avec les horaires suivants :\" \/>\n<meta name=\"robots\" content=\"index, follow, max-snippet:-1, max-image-preview:large, max-video-preview:-1\" \/>\n<link rel=\"canonical\" href=\"https:\/\/www.lesideesalapelle.com\/index.php\/2020\/04\/11\/reouverture-le-27-avril\/\" \/>\n<meta property=\"og:locale\" content=\"fr_FR\" \/>\n<meta property=\"og:type\" content=\"article\" \/>\n<meta property=\"og:title\" content=\"Fermeture du WEBSHOP et R\u00e9ouverture le 27 avril - Les id\u00e9es \u00e0 la pelle magasin bio\" \/>\n<meta property=\"og:description\" content=\"Bonjour \u00e0 tous,J&#039;ai une bonne et une mauvaise nouvelle... * La bonne c&#039;est que nous r\u00e9ouvrons \u00e0 partir du lundi 27 avril avec les horaires suivants :\" \/>\n<meta property=\"og:url\" content=\"https:\/\/www.lesideesalapelle.com\/index.php\/2020\/04\/11\/reouverture-le-27-avril\/\" \/>\n<meta property=\"og:site_name\" content=\"Les id\u00e9es \u00e0 la pelle magasin bio\" \/>\n<meta property=\"article:publisher\" content=\"https:\/\/www.facebook.com\/Les-id%c3%a9es-%c3%a0-la-pelle-563968743744472\/\" \/>\n<meta property=\"article:published_time\" content=\"2020-04-11T11:42:01+00:00\" \/>\n<meta property=\"article:modified_time\" content=\"2020-04-14T11:05:29+00:00\" \/>\n<meta name=\"author\" content=\"les id\u00e9es \u00e0 la pelle\" \/>\n<meta name=\"twitter:label1\" content=\"\u00c9crit par\" \/>\n\t<meta name=\"twitter:data1\" content=\"les id\u00e9es \u00e0 la pelle\" \/>\n\t<meta name=\"twitter:label2\" content=\"Dur\u00e9e de lecture estim\u00e9e\" \/>\n\t<meta name=\"twitter:data2\" content=\"1 minute\" \/>\n<script type=\"application\/ld+json\" class=\"yoast-schema-graph\">{\"@context\":\"https:\/\/schema.org\",\"@graph\":[{\"@type\":\"WebPage\",\"@id\":\"https:\/\/www.lesideesalapelle.com\/index.php\/2020\/04\/11\/reouverture-le-27-avril\/\",\"url\":\"https:\/\/www.lesideesalapelle.com\/index.php\/2020\/04\/11\/reouverture-le-27-avril\/\",\"name\":\"Fermeture du WEBSHOP et R\u00e9ouverture le 27 avril - Les id\u00e9es \u00e0 la pelle magasin bio\",\"isPartOf\":{\"@id\":\"https:\/\/www.lesideesalapelle.com\/#website\"},\"datePublished\":\"2020-04-11T11:42:01+00:00\",\"dateModified\":\"2020-04-14T11:05:29+00:00\",\"author\":{\"@id\":\"https:\/\/www.lesideesalapelle.com\/#\/schema\/person\/c5d8dfb66f3ed0b5ec84cb7fbd66af89\"},\"description\":\"Bonjour \u00e0 tous,J'ai une bonne et une mauvaise nouvelle... * La bonne c'est que nous r\u00e9ouvrons \u00e0 partir du lundi 27 avril avec les horaires suivants :\",\"breadcrumb\":{\"@id\":\"https:\/\/www.lesideesalapelle.com\/index.php\/2020\/04\/11\/reouverture-le-27-avril\/#breadcrumb\"},\"inLanguage\":\"fr-FR\",\"potentialAction\":[{\"@type\":\"ReadAction\",\"target\":[\"https:\/\/www.lesideesalapelle.com\/index.php\/2020\/04\/11\/reouverture-le-27-avril\/\"]}]},{\"@type\":\"BreadcrumbList\",\"@id\":\"https:\/\/www.lesideesalapelle.com\/index.php\/2020\/04\/11\/reouverture-le-27-avril\/#breadcrumb\",\"itemListElement\":[{\"@type\":\"ListItem\",\"position\":1,\"name\":\"Accueil\",\"item\":\"https:\/\/www.lesideesalapelle.com\/\"},{\"@type\":\"ListItem\",\"position\":2,\"name\":\"Fermeture du WEBSHOP et R\u00e9ouverture le 27 avril\"}]},{\"@type\":\"WebSite\",\"@id\":\"https:\/\/www.lesideesalapelle.com\/#website\",\"url\":\"https:\/\/www.lesideesalapelle.com\/\",\"name\":\"Les id\u00e9es \u00e0 la pelle magasin bio\",\"description\":\"Magasin Bio \u00e0 Schaerbeek\",\"potentialAction\":[{\"@type\":\"SearchAction\",\"target\":{\"@type\":\"EntryPoint\",\"urlTemplate\":\"https:\/\/www.lesideesalapelle.com\/?s={search_term_string}\"},\"query-input\":\"required name=search_term_string\"}],\"inLanguage\":\"fr-FR\"},{\"@type\":\"Person\",\"@id\":\"https:\/\/www.lesideesalapelle.com\/#\/schema\/person\/c5d8dfb66f3ed0b5ec84cb7fbd66af89\",\"name\":\"les id\u00e9es \u00e0 la pelle\",\"image\":{\"@type\":\"ImageObject\",\"inLanguage\":\"fr-FR\",\"@id\":\"https:\/\/www.lesideesalapelle.com\/#\/schema\/person\/image\/\",\"url\":\"https:\/\/secure.gravatar.com\/avatar\/0472992a927cd38eb30b1232adfbf417?s=96&d=mm&r=g\",\"contentUrl\":\"https:\/\/secure.gravatar.com\/avatar\/0472992a927cd38eb30b1232adfbf417?s=96&d=mm&r=g\",\"caption\":\"les id\u00e9es \u00e0 la pelle\"}}]}<\/script>\n<!-- \/ Yoast SEO plugin. -->","yoast_head_json":{"title":"Fermeture du WEBSHOP et R\u00e9ouverture le 27 avril - Les id\u00e9es \u00e0 la pelle magasin bio","description":"Bonjour \u00e0 tous,J'ai une bonne et une mauvaise nouvelle... * La bonne c'est que nous r\u00e9ouvrons \u00e0 partir du lundi 27 avril avec les horaires suivants :","robots":{"index":"index","follow":"follow","max-snippet":"max-snippet:-1","max-image-preview":"max-image-preview:large","max-video-preview":"max-video-preview:-1"},"canonical":"https:\/\/www.lesideesalapelle.com\/index.php\/2020\/04\/11\/reouverture-le-27-avril\/","og_locale":"fr_FR","og_type":"article","og_title":"Fermeture du WEBSHOP et R\u00e9ouverture le 27 avril - Les id\u00e9es \u00e0 la pelle magasin bio","og_description":"Bonjour \u00e0 tous,J'ai une bonne et une mauvaise nouvelle... * La bonne c'est que nous r\u00e9ouvrons \u00e0 partir du lundi 27 avril avec les horaires suivants :","og_url":"https:\/\/www.lesideesalapelle.com\/index.php\/2020\/04\/11\/reouverture-le-27-avril\/","og_site_name":"Les id\u00e9es \u00e0 la pelle magasin bio","article_publisher":"https:\/\/www.facebook.com\/Les-id%c3%a9es-%c3%a0-la-pelle-563968743744472\/","article_published_time":"2020-04-11T11:42:01+00:00","article_modified_time":"2020-04-14T11:05:29+00:00","author":"les id\u00e9es \u00e0 la pelle","twitter_misc":{"\u00c9crit par":"les id\u00e9es \u00e0 la pelle","Dur\u00e9e de lecture estim\u00e9e":"1 minute"},"schema":{"@context":"https:\/\/schema.org","@graph":[{"@type":"WebPage","@id":"https:\/\/www.lesideesalapelle.com\/index.php\/2020\/04\/11\/reouverture-le-27-avril\/","url":"https:\/\/www.lesideesalapelle.com\/index.php\/2020\/04\/11\/reouverture-le-27-avril\/","name":"Fermeture du WEBSHOP et R\u00e9ouverture le 27 avril - Les id\u00e9es \u00e0 la pelle magasin bio","isPartOf":{"@id":"https:\/\/www.lesideesalapelle.com\/#website"},"datePublished":"2020-04-11T11:42:01+00:00","dateModified":"2020-04-14T11:05:29+00:00","author":{"@id":"https:\/\/www.lesideesalapelle.com\/#\/schema\/person\/c5d8dfb66f3ed0b5ec84cb7fbd66af89"},"description":"Bonjour \u00e0 tous,J'ai une bonne et une mauvaise nouvelle... * La bonne c'est que nous r\u00e9ouvrons \u00e0 partir du lundi 27 avril avec les horaires suivants :","breadcrumb":{"@id":"https:\/\/www.lesideesalapelle.com\/index.php\/2020\/04\/11\/reouverture-le-27-avril\/#breadcrumb"},"inLanguage":"fr-FR","potentialAction":[{"@type":"ReadAction","target":["https:\/\/www.lesideesalapelle.com\/index.php\/2020\/04\/11\/reouverture-le-27-avril\/"]}]},{"@type":"BreadcrumbList","@id":"https:\/\/www.lesideesalapelle.com\/index.php\/2020\/04\/11\/reouverture-le-27-avril\/#breadcrumb","itemListElement":[{"@type":"ListItem","position":1,"name":"Accueil","item":"https:\/\/www.lesideesalapelle.com\/"},{"@type":"ListItem","position":2,"name":"Fermeture du WEBSHOP et R\u00e9ouverture le 27 avril"}]},{"@type":"WebSite","@id":"https:\/\/www.lesideesalapelle.com\/#website","url":"https:\/\/www.lesideesalapelle.com\/","name":"Les id\u00e9es \u00e0 la pelle magasin bio","description":"Magasin Bio \u00e0 Schaerbeek","potentialAction":[{"@type":"SearchAction","target":{"@type":"EntryPoint","urlTemplate":"https:\/\/www.lesideesalapelle.com\/?s={search_term_string}"},"query-input":"required name=search_term_string"}],"inLanguage":"fr-FR"},{"@type":"Person","@id":"https:\/\/www.lesideesalapelle.com\/#\/schema\/person\/c5d8dfb66f3ed0b5ec84cb7fbd66af89","name":"les id\u00e9es \u00e0 la pelle","image":{"@type":"ImageObject","inLanguage":"fr-FR","@id":"https:\/\/www.lesideesalapelle.com\/#\/schema\/person\/image\/","url":"https:\/\/secure.gravatar.com\/avatar\/0472992a927cd38eb30b1232adfbf417?s=96&d=mm&r=g","contentUrl":"https:\/\/secure.gravatar.com\/avatar\/0472992a927cd38eb30b1232adfbf417?s=96&d=mm&r=g","caption":"les id\u00e9es \u00e0 la pelle"}}]}},"jetpack_featured_media_url":"","jetpack_sharing_enabled":true,"jetpack_shortlink":"https:\/\/wp.me\/p7hjX5-FN","_links":{"self":[{"href":"https:\/\/www.lesideesalapelle.com\/index.php\/wp-json\/wp\/v2\/posts\/2591"}],"collection":[{"href":"https:\/\/www.lesideesalapelle.com\/index.php\/wp-json\/wp\/v2\/posts"}],"about":[{"href":"https:\/\/www.lesideesalapelle.com\/index.php\/wp-json\/wp\/v2\/types\/post"}],"author":[{"embeddable":true,"href":"https:\/\/www.lesideesalapelle.com\/index.php\/wp-json\/wp\/v2\/users\/1"}],"replies":[{"embeddable":true,"href":"https:\/\/www.lesideesalapelle.com\/index.php\/wp-json\/wp\/v2\/comments?post=2591"}],"version-history":[{"count":4,"href":"https:\/\/www.lesideesalapelle.com\/index.php\/wp-json\/wp\/v2\/posts\/2591\/revisions"}],"predecessor-version":[{"id":2603,"href":"https:\/\/www.lesideesalapelle.com\/index.php\/wp-json\/wp\/v2\/posts\/2591\/revisions\/2603"}],"wp:attachment":[{"href":"https:\/\/www.lesideesalapelle.com\/index.php\/wp-json\/wp\/v2\/media?parent=2591"}],"wp:term":[{"taxonomy":"category","embeddable":true,"href":"https:\/\/www.lesideesalapelle.com\/index.php\/wp-json\/wp\/v2\/categories?post=2591"},{"taxonomy":"post_tag","embeddable":true,"href":"https:\/\/www.lesideesalapelle.com\/index.php\/wp-json\/wp\/v2\/tags?post=2591"}],"curies":[{"name":"wp","href":"https:\/\/api.w.org\/{rel}","templated":true}]}}