{"id":1844,"date":"2020-03-25T11:38:12","date_gmt":"2020-03-25T10:38:12","guid":{"rendered":"https:\/\/www.lesideesalapelle.com\/?p=1844"},"modified":"2020-03-25T11:38:17","modified_gmt":"2020-03-25T10:38:17","slug":"fermeture-et-lancement-de-le-shop","status":"publish","type":"post","link":"https:\/\/www.lesideesalapelle.com\/index.php\/2020\/03\/25\/fermeture-et-lancement-de-le-shop\/","title":{"rendered":"Fermeture et lancement de l&rsquo;e-shop."},"content":{"rendered":"\n<p>Suite au Covid-19 nous fermons le magasin \u00e0 partir de ce vendredi 27&#8230;. Nous avons mis en place un e-shop avec des produits ultra frais sur pr\u00e9commande \u00e0 venir chercher et payer au magasin. <\/p>\n\n\n\n<p><a href=\"https:\/\/www.lesideesalapelle.com\/index.php\/boutique\/\">https:\/\/www.lesideesalapelle.com\/index.php\/boutique\/<\/a><\/p>\n\n\n\n<p>Nous vous rappelons que les produits pr\u00e9sent\u00e9s ici sont propos\u00e9s en pr\u00e9-commande c\u2019est-\u00e0-dire que il possible que nos fournisseurs ne nous livrent pas l\u2019enti\u00e8ret\u00e9 des commandes \u2013 surtout dans un contexte de Covid-19. Nous ferons notre possible pour vous proposer des produits alternatifs.<\/p>\n\n\n\n<hr class=\"wp-block-separator\"\/>\n\n\n\n<p>Si vous commandez avant&nbsp;<strong>vendredi soir<\/strong>&nbsp;votre panier sera pr\u00eat pour&nbsp;<strong>mardi de 12h \u00e0 16h ou mercredi de 12h \u00e0 16h&nbsp;<\/strong><\/p>\n\n\n\n<p>Si vous commandez avant&nbsp;<strong>mardi soir<\/strong>&nbsp;votre panier sera pr\u00eat pour&nbsp;<strong>vendredi de 12h \u00e0 16h.&nbsp;<\/strong><\/p>\n\n\n\n<p>Merci de pr\u00e9ciser votre jour de passage. <\/p>\n\n\n\n<p><\/p>\n\n\n\n<p><\/p>\n\n\n\n<p><\/p>\n","protected":false},"excerpt":{"rendered":"<p>Suite au Covid-19 nous fermons le magasin \u00e0 partir de ce vendredi 27&#8230;. Nous avons mis en place un e-shop avec des produits ultra frais sur pr\u00e9commande \u00e0 venir chercher et payer au magasin. https:\/\/www.lesideesalapelle.com\/index.php\/boutique\/ Nous vous rappelons que les produits pr\u00e9sent\u00e9s ici sont propos\u00e9s en pr\u00e9-commande c\u2019est-\u00e0-dire que il possible que nos fournisseurs ne [&hellip;]<\/p>\n","protected":false},"author":1,"featured_media":0,"comment_status":"open","ping_status":"open","sticky":false,"template":"","format":"standard","meta":{"jetpack_post_was_ever_published":false},"categories":[23],"tags":[],"yoast_head":"<!-- This site is optimized with the Yoast SEO plugin v19.7.2 - https:\/\/yoast.com\/wordpress\/plugins\/seo\/ -->\n<title>Fermeture et lancement de l&#039;e-shop. - Les id\u00e9es \u00e0 la pelle magasin bio<\/title>\n<meta name=\"description\" content=\"Suite au Covid-19 nous fermons le magasin \u00e0 partir de ce vendredi 27.... Nous avons mis en place un e-shop avec des produits ultra frais sur pr\u00e9commande \u00e0\" \/>\n<meta name=\"robots\" content=\"index, follow, max-snippet:-1, max-image-preview:large, max-video-preview:-1\" \/>\n<link rel=\"canonical\" href=\"https:\/\/www.lesideesalapelle.com\/index.php\/2020\/03\/25\/fermeture-et-lancement-de-le-shop\/\" \/>\n<meta property=\"og:locale\" content=\"fr_FR\" \/>\n<meta property=\"og:type\" content=\"article\" \/>\n<meta property=\"og:title\" content=\"Fermeture et lancement de l&#039;e-shop. - Les id\u00e9es \u00e0 la pelle magasin bio\" \/>\n<meta property=\"og:description\" content=\"Suite au Covid-19 nous fermons le magasin \u00e0 partir de ce vendredi 27.... Nous avons mis en place un e-shop avec des produits ultra frais sur pr\u00e9commande \u00e0\" \/>\n<meta property=\"og:url\" content=\"https:\/\/www.lesideesalapelle.com\/index.php\/2020\/03\/25\/fermeture-et-lancement-de-le-shop\/\" \/>\n<meta property=\"og:site_name\" content=\"Les id\u00e9es \u00e0 la pelle magasin bio\" \/>\n<meta property=\"article:publisher\" content=\"https:\/\/www.facebook.com\/Les-id%c3%a9es-%c3%a0-la-pelle-563968743744472\/\" \/>\n<meta property=\"article:published_time\" content=\"2020-03-25T10:38:12+00:00\" \/>\n<meta property=\"article:modified_time\" content=\"2020-03-25T10:38:17+00:00\" \/>\n<meta name=\"author\" content=\"les id\u00e9es \u00e0 la pelle\" \/>\n<meta name=\"twitter:label1\" content=\"\u00c9crit par\" \/>\n\t<meta name=\"twitter:data1\" content=\"les id\u00e9es \u00e0 la pelle\" \/>\n\t<meta name=\"twitter:label2\" content=\"Dur\u00e9e de lecture estim\u00e9e\" \/>\n\t<meta name=\"twitter:data2\" content=\"1 minute\" \/>\n<script type=\"application\/ld+json\" class=\"yoast-schema-graph\">{\"@context\":\"https:\/\/schema.org\",\"@graph\":[{\"@type\":\"WebPage\",\"@id\":\"https:\/\/www.lesideesalapelle.com\/index.php\/2020\/03\/25\/fermeture-et-lancement-de-le-shop\/\",\"url\":\"https:\/\/www.lesideesalapelle.com\/index.php\/2020\/03\/25\/fermeture-et-lancement-de-le-shop\/\",\"name\":\"Fermeture et lancement de l'e-shop. - Les id\u00e9es \u00e0 la pelle magasin bio\",\"isPartOf\":{\"@id\":\"https:\/\/www.lesideesalapelle.com\/#website\"},\"datePublished\":\"2020-03-25T10:38:12+00:00\",\"dateModified\":\"2020-03-25T10:38:17+00:00\",\"author\":{\"@id\":\"https:\/\/www.lesideesalapelle.com\/#\/schema\/person\/c5d8dfb66f3ed0b5ec84cb7fbd66af89\"},\"description\":\"Suite au Covid-19 nous fermons le magasin \u00e0 partir de ce vendredi 27.... Nous avons mis en place un e-shop avec des produits ultra frais sur pr\u00e9commande \u00e0\",\"breadcrumb\":{\"@id\":\"https:\/\/www.lesideesalapelle.com\/index.php\/2020\/03\/25\/fermeture-et-lancement-de-le-shop\/#breadcrumb\"},\"inLanguage\":\"fr-FR\",\"potentialAction\":[{\"@type\":\"ReadAction\",\"target\":[\"https:\/\/www.lesideesalapelle.com\/index.php\/2020\/03\/25\/fermeture-et-lancement-de-le-shop\/\"]}]},{\"@type\":\"BreadcrumbList\",\"@id\":\"https:\/\/www.lesideesalapelle.com\/index.php\/2020\/03\/25\/fermeture-et-lancement-de-le-shop\/#breadcrumb\",\"itemListElement\":[{\"@type\":\"ListItem\",\"position\":1,\"name\":\"Accueil\",\"item\":\"https:\/\/www.lesideesalapelle.com\/\"},{\"@type\":\"ListItem\",\"position\":2,\"name\":\"Fermeture et lancement de l&rsquo;e-shop.\"}]},{\"@type\":\"WebSite\",\"@id\":\"https:\/\/www.lesideesalapelle.com\/#website\",\"url\":\"https:\/\/www.lesideesalapelle.com\/\",\"name\":\"Les id\u00e9es \u00e0 la pelle magasin bio\",\"description\":\"Magasin Bio \u00e0 Schaerbeek\",\"potentialAction\":[{\"@type\":\"SearchAction\",\"target\":{\"@type\":\"EntryPoint\",\"urlTemplate\":\"https:\/\/www.lesideesalapelle.com\/?s={search_term_string}\"},\"query-input\":\"required name=search_term_string\"}],\"inLanguage\":\"fr-FR\"},{\"@type\":\"Person\",\"@id\":\"https:\/\/www.lesideesalapelle.com\/#\/schema\/person\/c5d8dfb66f3ed0b5ec84cb7fbd66af89\",\"name\":\"les id\u00e9es \u00e0 la pelle\",\"image\":{\"@type\":\"ImageObject\",\"inLanguage\":\"fr-FR\",\"@id\":\"https:\/\/www.lesideesalapelle.com\/#\/schema\/person\/image\/\",\"url\":\"https:\/\/secure.gravatar.com\/avatar\/0472992a927cd38eb30b1232adfbf417?s=96&d=mm&r=g\",\"contentUrl\":\"https:\/\/secure.gravatar.com\/avatar\/0472992a927cd38eb30b1232adfbf417?s=96&d=mm&r=g\",\"caption\":\"les id\u00e9es \u00e0 la pelle\"}}]}<\/script>\n<!-- \/ Yoast SEO plugin. -->","yoast_head_json":{"title":"Fermeture et lancement de l'e-shop. - Les id\u00e9es \u00e0 la pelle magasin bio","description":"Suite au Covid-19 nous fermons le magasin \u00e0 partir de ce vendredi 27.... Nous avons mis en place un e-shop avec des produits ultra frais sur pr\u00e9commande \u00e0","robots":{"index":"index","follow":"follow","max-snippet":"max-snippet:-1","max-image-preview":"max-image-preview:large","max-video-preview":"max-video-preview:-1"},"canonical":"https:\/\/www.lesideesalapelle.com\/index.php\/2020\/03\/25\/fermeture-et-lancement-de-le-shop\/","og_locale":"fr_FR","og_type":"article","og_title":"Fermeture et lancement de l'e-shop. - Les id\u00e9es \u00e0 la pelle magasin bio","og_description":"Suite au Covid-19 nous fermons le magasin \u00e0 partir de ce vendredi 27.... Nous avons mis en place un e-shop avec des produits ultra frais sur pr\u00e9commande \u00e0","og_url":"https:\/\/www.lesideesalapelle.com\/index.php\/2020\/03\/25\/fermeture-et-lancement-de-le-shop\/","og_site_name":"Les id\u00e9es \u00e0 la pelle magasin bio","article_publisher":"https:\/\/www.facebook.com\/Les-id%c3%a9es-%c3%a0-la-pelle-563968743744472\/","article_published_time":"2020-03-25T10:38:12+00:00","article_modified_time":"2020-03-25T10:38:17+00:00","author":"les id\u00e9es \u00e0 la pelle","twitter_misc":{"\u00c9crit par":"les id\u00e9es \u00e0 la pelle","Dur\u00e9e de lecture estim\u00e9e":"1 minute"},"schema":{"@context":"https:\/\/schema.org","@graph":[{"@type":"WebPage","@id":"https:\/\/www.lesideesalapelle.com\/index.php\/2020\/03\/25\/fermeture-et-lancement-de-le-shop\/","url":"https:\/\/www.lesideesalapelle.com\/index.php\/2020\/03\/25\/fermeture-et-lancement-de-le-shop\/","name":"Fermeture et lancement de l'e-shop. - Les id\u00e9es \u00e0 la pelle magasin bio","isPartOf":{"@id":"https:\/\/www.lesideesalapelle.com\/#website"},"datePublished":"2020-03-25T10:38:12+00:00","dateModified":"2020-03-25T10:38:17+00:00","author":{"@id":"https:\/\/www.lesideesalapelle.com\/#\/schema\/person\/c5d8dfb66f3ed0b5ec84cb7fbd66af89"},"description":"Suite au Covid-19 nous fermons le magasin \u00e0 partir de ce vendredi 27.... Nous avons mis en place un e-shop avec des produits ultra frais sur pr\u00e9commande \u00e0","breadcrumb":{"@id":"https:\/\/www.lesideesalapelle.com\/index.php\/2020\/03\/25\/fermeture-et-lancement-de-le-shop\/#breadcrumb"},"inLanguage":"fr-FR","potentialAction":[{"@type":"ReadAction","target":["https:\/\/www.lesideesalapelle.com\/index.php\/2020\/03\/25\/fermeture-et-lancement-de-le-shop\/"]}]},{"@type":"BreadcrumbList","@id":"https:\/\/www.lesideesalapelle.com\/index.php\/2020\/03\/25\/fermeture-et-lancement-de-le-shop\/#breadcrumb","itemListElement":[{"@type":"ListItem","position":1,"name":"Accueil","item":"https:\/\/www.lesideesalapelle.com\/"},{"@type":"ListItem","position":2,"name":"Fermeture et lancement de l&rsquo;e-shop."}]},{"@type":"WebSite","@id":"https:\/\/www.lesideesalapelle.com\/#website","url":"https:\/\/www.lesideesalapelle.com\/","name":"Les id\u00e9es \u00e0 la pelle magasin bio","description":"Magasin Bio \u00e0 Schaerbeek","potentialAction":[{"@type":"SearchAction","target":{"@type":"EntryPoint","urlTemplate":"https:\/\/www.lesideesalapelle.com\/?s={search_term_string}"},"query-input":"required name=search_term_string"}],"inLanguage":"fr-FR"},{"@type":"Person","@id":"https:\/\/www.lesideesalapelle.com\/#\/schema\/person\/c5d8dfb66f3ed0b5ec84cb7fbd66af89","name":"les id\u00e9es \u00e0 la pelle","image":{"@type":"ImageObject","inLanguage":"fr-FR","@id":"https:\/\/www.lesideesalapelle.com\/#\/schema\/person\/image\/","url":"https:\/\/secure.gravatar.com\/avatar\/0472992a927cd38eb30b1232adfbf417?s=96&d=mm&r=g","contentUrl":"https:\/\/secure.gravatar.com\/avatar\/0472992a927cd38eb30b1232adfbf417?s=96&d=mm&r=g","caption":"les id\u00e9es \u00e0 la pelle"}}]}},"jetpack_featured_media_url":"","jetpack_sharing_enabled":true,"jetpack_shortlink":"https:\/\/wp.me\/p7hjX5-tK","_links":{"self":[{"href":"https:\/\/www.lesideesalapelle.com\/index.php\/wp-json\/wp\/v2\/posts\/1844"}],"collection":[{"href":"https:\/\/www.lesideesalapelle.com\/index.php\/wp-json\/wp\/v2\/posts"}],"about":[{"href":"https:\/\/www.lesideesalapelle.com\/index.php\/wp-json\/wp\/v2\/types\/post"}],"author":[{"embeddable":true,"href":"https:\/\/www.lesideesalapelle.com\/index.php\/wp-json\/wp\/v2\/users\/1"}],"replies":[{"embeddable":true,"href":"https:\/\/www.lesideesalapelle.com\/index.php\/wp-json\/wp\/v2\/comments?post=1844"}],"version-history":[{"count":2,"href":"https:\/\/www.lesideesalapelle.com\/index.php\/wp-json\/wp\/v2\/posts\/1844\/revisions"}],"predecessor-version":[{"id":1846,"href":"https:\/\/www.lesideesalapelle.com\/index.php\/wp-json\/wp\/v2\/posts\/1844\/revisions\/1846"}],"wp:attachment":[{"href":"https:\/\/www.lesideesalapelle.com\/index.php\/wp-json\/wp\/v2\/media?parent=1844"}],"wp:term":[{"taxonomy":"category","embeddable":true,"href":"https:\/\/www.lesideesalapelle.com\/index.php\/wp-json\/wp\/v2\/categories?post=1844"},{"taxonomy":"post_tag","embeddable":true,"href":"https:\/\/www.lesideesalapelle.com\/index.php\/wp-json\/wp\/v2\/tags?post=1844"}],"curies":[{"name":"wp","href":"https:\/\/api.w.org\/{rel}","templated":true}]}}