{"id":1015,"date":"2018-04-10T10:08:33","date_gmt":"2018-04-10T09:08:33","guid":{"rendered":"https:\/\/www.lesideesalapelle.com\/?p=1015"},"modified":"2018-04-10T10:08:33","modified_gmt":"2018-04-10T09:08:33","slug":"decouvrez-nos-nouveaux-miels-grecs","status":"publish","type":"post","link":"https:\/\/www.lesideesalapelle.com\/index.php\/2018\/04\/10\/decouvrez-nos-nouveaux-miels-grecs\/","title":{"rendered":"D\u00e9couvrez nos nouveaux miels grecs!"},"content":{"rendered":"<p>D\u00e9couvrez nos nouveaux miels grecs!<br \/>\nRelooking complet, tra\u00e7abilit\u00e9 et saveurs in\u00e9gal\u00e9es.<br \/>\n&#8211; Le miel de Montagne du Mont P\u00e9lion (Herbac\u00e9 et menthol\u00e9)<br \/>\n&#8211; Le miel de Sapin\/Pin du Mont Olympe (Balsamique doux)<br \/>\n&#8211; Le miel de Ch\u00eane du Mont Olympe (R\u00e9glisse d\u00e9licatement menthol\u00e9e)<br \/>\n&#8211; Le miel de Renou\u00e9 des Oiseaux du Mont P\u00e9lion (Caramel intense l! )<br \/>\nMiel de ch\u00e2taigne et de Bruy\u00e8re&#8230; coming soon&#8230;\u00a0<span class=\"_47e3 _5mfr\" title=\"\u00e9motic\u00f4ne wink\"><img loading=\"lazy\" class=\"img\" role=\"presentation\" src=\"https:\/\/static.xx.fbcdn.net\/images\/emoji.php\/v9\/f57\/1\/16\/1f609.png\" alt=\"\" width=\"16\" height=\"16\" \/><span class=\"_7oe\" aria-hidden=\"true\">\ud83d\ude09<\/span><\/span><img loading=\"lazy\" class=\"aligncenter size-full wp-image-1016\" src=\"https:\/\/i0.wp.com\/www.lesideesalapelle.com\/wp-content\/uploads\/2018\/04\/28827694_1758572520871882_4509965214592394168_o.jpg?resize=1140%2C705\" alt=\"\" width=\"1140\" height=\"705\" srcset=\"https:\/\/i0.wp.com\/www.lesideesalapelle.com\/wp-content\/uploads\/2018\/04\/28827694_1758572520871882_4509965214592394168_o.jpg?w=1920&amp;ssl=1 1920w, https:\/\/i0.wp.com\/www.lesideesalapelle.com\/wp-content\/uploads\/2018\/04\/28827694_1758572520871882_4509965214592394168_o.jpg?resize=600%2C371&amp;ssl=1 600w, https:\/\/i0.wp.com\/www.lesideesalapelle.com\/wp-content\/uploads\/2018\/04\/28827694_1758572520871882_4509965214592394168_o.jpg?resize=595%2C368&amp;ssl=1 595w, https:\/\/i0.wp.com\/www.lesideesalapelle.com\/wp-content\/uploads\/2018\/04\/28827694_1758572520871882_4509965214592394168_o.jpg?resize=768%2C475&amp;ssl=1 768w, https:\/\/i0.wp.com\/www.lesideesalapelle.com\/wp-content\/uploads\/2018\/04\/28827694_1758572520871882_4509965214592394168_o.jpg?resize=960%2C594&amp;ssl=1 960w\" sizes=\"(max-width: 1140px) 100vw, 1140px\" data-recalc-dims=\"1\" \/><\/p>\n","protected":false},"excerpt":{"rendered":"<p>D\u00e9couvrez nos nouveaux miels grecs! Relooking complet, tra\u00e7abilit\u00e9 et saveurs in\u00e9gal\u00e9es. &#8211; Le miel de Montagne du Mont P\u00e9lion (Herbac\u00e9 et menthol\u00e9) &#8211; Le miel de Sapin\/Pin du Mont Olympe (Balsamique doux) &#8211; Le miel de Ch\u00eane du Mont Olympe (R\u00e9glisse d\u00e9licatement menthol\u00e9e) &#8211; Le miel de Renou\u00e9 des Oiseaux du Mont P\u00e9lion (Caramel intense [&hellip;]<\/p>\n","protected":false},"author":1,"featured_media":0,"comment_status":"open","ping_status":"open","sticky":false,"template":"","format":"standard","meta":{"jetpack_post_was_ever_published":false},"categories":[23],"tags":[],"yoast_head":"<!-- This site is optimized with the Yoast SEO plugin v19.7.2 - https:\/\/yoast.com\/wordpress\/plugins\/seo\/ -->\n<title>D\u00e9couvrez nos nouveaux miels grecs! - Les id\u00e9es \u00e0 la pelle magasin bio<\/title>\n<meta name=\"description\" content=\"D\u00e9couvrez nos nouveaux miels grecs! Relooking complet, tra\u00e7abilit\u00e9 et saveurs in\u00e9gal\u00e9es. - Le miel de Montagne du Mont P\u00e9lion (Herbac\u00e9 et menthol\u00e9) - Le\" \/>\n<meta name=\"robots\" content=\"index, follow, max-snippet:-1, max-image-preview:large, max-video-preview:-1\" \/>\n<link rel=\"canonical\" href=\"https:\/\/www.lesideesalapelle.com\/index.php\/2018\/04\/10\/decouvrez-nos-nouveaux-miels-grecs\/\" \/>\n<meta property=\"og:locale\" content=\"fr_FR\" \/>\n<meta property=\"og:type\" content=\"article\" \/>\n<meta property=\"og:title\" content=\"D\u00e9couvrez nos nouveaux miels grecs! - Les id\u00e9es \u00e0 la pelle magasin bio\" \/>\n<meta property=\"og:description\" content=\"D\u00e9couvrez nos nouveaux miels grecs! Relooking complet, tra\u00e7abilit\u00e9 et saveurs in\u00e9gal\u00e9es. - Le miel de Montagne du Mont P\u00e9lion (Herbac\u00e9 et menthol\u00e9) - Le\" \/>\n<meta property=\"og:url\" content=\"https:\/\/www.lesideesalapelle.com\/index.php\/2018\/04\/10\/decouvrez-nos-nouveaux-miels-grecs\/\" \/>\n<meta property=\"og:site_name\" content=\"Les id\u00e9es \u00e0 la pelle magasin bio\" \/>\n<meta property=\"article:publisher\" content=\"https:\/\/www.facebook.com\/Les-id%c3%a9es-%c3%a0-la-pelle-563968743744472\/\" \/>\n<meta property=\"article:published_time\" content=\"2018-04-10T09:08:33+00:00\" \/>\n<meta property=\"og:image\" content=\"https:\/\/static.xx.fbcdn.net\/images\/emoji.php\/v9\/f57\/1\/16\/1f609.png\" \/>\n<meta name=\"author\" content=\"les id\u00e9es \u00e0 la pelle\" \/>\n<meta name=\"twitter:label1\" content=\"\u00c9crit par\" \/>\n\t<meta name=\"twitter:data1\" content=\"les id\u00e9es \u00e0 la pelle\" \/>\n<script type=\"application\/ld+json\" class=\"yoast-schema-graph\">{\"@context\":\"https:\/\/schema.org\",\"@graph\":[{\"@type\":\"WebPage\",\"@id\":\"https:\/\/www.lesideesalapelle.com\/index.php\/2018\/04\/10\/decouvrez-nos-nouveaux-miels-grecs\/\",\"url\":\"https:\/\/www.lesideesalapelle.com\/index.php\/2018\/04\/10\/decouvrez-nos-nouveaux-miels-grecs\/\",\"name\":\"D\u00e9couvrez nos nouveaux miels grecs! - Les id\u00e9es \u00e0 la pelle magasin bio\",\"isPartOf\":{\"@id\":\"https:\/\/www.lesideesalapelle.com\/#website\"},\"datePublished\":\"2018-04-10T09:08:33+00:00\",\"dateModified\":\"2018-04-10T09:08:33+00:00\",\"author\":{\"@id\":\"https:\/\/www.lesideesalapelle.com\/#\/schema\/person\/c5d8dfb66f3ed0b5ec84cb7fbd66af89\"},\"description\":\"D\u00e9couvrez nos nouveaux miels grecs! Relooking complet, tra\u00e7abilit\u00e9 et saveurs in\u00e9gal\u00e9es. - Le miel de Montagne du Mont P\u00e9lion (Herbac\u00e9 et menthol\u00e9) - Le\",\"breadcrumb\":{\"@id\":\"https:\/\/www.lesideesalapelle.com\/index.php\/2018\/04\/10\/decouvrez-nos-nouveaux-miels-grecs\/#breadcrumb\"},\"inLanguage\":\"fr-FR\",\"potentialAction\":[{\"@type\":\"ReadAction\",\"target\":[\"https:\/\/www.lesideesalapelle.com\/index.php\/2018\/04\/10\/decouvrez-nos-nouveaux-miels-grecs\/\"]}]},{\"@type\":\"BreadcrumbList\",\"@id\":\"https:\/\/www.lesideesalapelle.com\/index.php\/2018\/04\/10\/decouvrez-nos-nouveaux-miels-grecs\/#breadcrumb\",\"itemListElement\":[{\"@type\":\"ListItem\",\"position\":1,\"name\":\"Accueil\",\"item\":\"https:\/\/www.lesideesalapelle.com\/\"},{\"@type\":\"ListItem\",\"position\":2,\"name\":\"D\u00e9couvrez nos nouveaux miels grecs!\"}]},{\"@type\":\"WebSite\",\"@id\":\"https:\/\/www.lesideesalapelle.com\/#website\",\"url\":\"https:\/\/www.lesideesalapelle.com\/\",\"name\":\"Les id\u00e9es \u00e0 la pelle magasin bio\",\"description\":\"Magasin Bio \u00e0 Schaerbeek\",\"potentialAction\":[{\"@type\":\"SearchAction\",\"target\":{\"@type\":\"EntryPoint\",\"urlTemplate\":\"https:\/\/www.lesideesalapelle.com\/?s={search_term_string}\"},\"query-input\":\"required name=search_term_string\"}],\"inLanguage\":\"fr-FR\"},{\"@type\":\"Person\",\"@id\":\"https:\/\/www.lesideesalapelle.com\/#\/schema\/person\/c5d8dfb66f3ed0b5ec84cb7fbd66af89\",\"name\":\"les id\u00e9es \u00e0 la pelle\",\"image\":{\"@type\":\"ImageObject\",\"inLanguage\":\"fr-FR\",\"@id\":\"https:\/\/www.lesideesalapelle.com\/#\/schema\/person\/image\/\",\"url\":\"https:\/\/secure.gravatar.com\/avatar\/0472992a927cd38eb30b1232adfbf417?s=96&d=mm&r=g\",\"contentUrl\":\"https:\/\/secure.gravatar.com\/avatar\/0472992a927cd38eb30b1232adfbf417?s=96&d=mm&r=g\",\"caption\":\"les id\u00e9es \u00e0 la pelle\"}}]}<\/script>\n<!-- \/ Yoast SEO plugin. -->","yoast_head_json":{"title":"D\u00e9couvrez nos nouveaux miels grecs! - Les id\u00e9es \u00e0 la pelle magasin bio","description":"D\u00e9couvrez nos nouveaux miels grecs! Relooking complet, tra\u00e7abilit\u00e9 et saveurs in\u00e9gal\u00e9es. - Le miel de Montagne du Mont P\u00e9lion (Herbac\u00e9 et menthol\u00e9) - Le","robots":{"index":"index","follow":"follow","max-snippet":"max-snippet:-1","max-image-preview":"max-image-preview:large","max-video-preview":"max-video-preview:-1"},"canonical":"https:\/\/www.lesideesalapelle.com\/index.php\/2018\/04\/10\/decouvrez-nos-nouveaux-miels-grecs\/","og_locale":"fr_FR","og_type":"article","og_title":"D\u00e9couvrez nos nouveaux miels grecs! - Les id\u00e9es \u00e0 la pelle magasin bio","og_description":"D\u00e9couvrez nos nouveaux miels grecs! Relooking complet, tra\u00e7abilit\u00e9 et saveurs in\u00e9gal\u00e9es. - Le miel de Montagne du Mont P\u00e9lion (Herbac\u00e9 et menthol\u00e9) - Le","og_url":"https:\/\/www.lesideesalapelle.com\/index.php\/2018\/04\/10\/decouvrez-nos-nouveaux-miels-grecs\/","og_site_name":"Les id\u00e9es \u00e0 la pelle magasin bio","article_publisher":"https:\/\/www.facebook.com\/Les-id%c3%a9es-%c3%a0-la-pelle-563968743744472\/","article_published_time":"2018-04-10T09:08:33+00:00","og_image":[{"url":"https:\/\/static.xx.fbcdn.net\/images\/emoji.php\/v9\/f57\/1\/16\/1f609.png"}],"author":"les id\u00e9es \u00e0 la pelle","twitter_misc":{"\u00c9crit par":"les id\u00e9es \u00e0 la pelle"},"schema":{"@context":"https:\/\/schema.org","@graph":[{"@type":"WebPage","@id":"https:\/\/www.lesideesalapelle.com\/index.php\/2018\/04\/10\/decouvrez-nos-nouveaux-miels-grecs\/","url":"https:\/\/www.lesideesalapelle.com\/index.php\/2018\/04\/10\/decouvrez-nos-nouveaux-miels-grecs\/","name":"D\u00e9couvrez nos nouveaux miels grecs! - Les id\u00e9es \u00e0 la pelle magasin bio","isPartOf":{"@id":"https:\/\/www.lesideesalapelle.com\/#website"},"datePublished":"2018-04-10T09:08:33+00:00","dateModified":"2018-04-10T09:08:33+00:00","author":{"@id":"https:\/\/www.lesideesalapelle.com\/#\/schema\/person\/c5d8dfb66f3ed0b5ec84cb7fbd66af89"},"description":"D\u00e9couvrez nos nouveaux miels grecs! Relooking complet, tra\u00e7abilit\u00e9 et saveurs in\u00e9gal\u00e9es. - Le miel de Montagne du Mont P\u00e9lion (Herbac\u00e9 et menthol\u00e9) - Le","breadcrumb":{"@id":"https:\/\/www.lesideesalapelle.com\/index.php\/2018\/04\/10\/decouvrez-nos-nouveaux-miels-grecs\/#breadcrumb"},"inLanguage":"fr-FR","potentialAction":[{"@type":"ReadAction","target":["https:\/\/www.lesideesalapelle.com\/index.php\/2018\/04\/10\/decouvrez-nos-nouveaux-miels-grecs\/"]}]},{"@type":"BreadcrumbList","@id":"https:\/\/www.lesideesalapelle.com\/index.php\/2018\/04\/10\/decouvrez-nos-nouveaux-miels-grecs\/#breadcrumb","itemListElement":[{"@type":"ListItem","position":1,"name":"Accueil","item":"https:\/\/www.lesideesalapelle.com\/"},{"@type":"ListItem","position":2,"name":"D\u00e9couvrez nos nouveaux miels grecs!"}]},{"@type":"WebSite","@id":"https:\/\/www.lesideesalapelle.com\/#website","url":"https:\/\/www.lesideesalapelle.com\/","name":"Les id\u00e9es \u00e0 la pelle magasin bio","description":"Magasin Bio \u00e0 Schaerbeek","potentialAction":[{"@type":"SearchAction","target":{"@type":"EntryPoint","urlTemplate":"https:\/\/www.lesideesalapelle.com\/?s={search_term_string}"},"query-input":"required name=search_term_string"}],"inLanguage":"fr-FR"},{"@type":"Person","@id":"https:\/\/www.lesideesalapelle.com\/#\/schema\/person\/c5d8dfb66f3ed0b5ec84cb7fbd66af89","name":"les id\u00e9es \u00e0 la pelle","image":{"@type":"ImageObject","inLanguage":"fr-FR","@id":"https:\/\/www.lesideesalapelle.com\/#\/schema\/person\/image\/","url":"https:\/\/secure.gravatar.com\/avatar\/0472992a927cd38eb30b1232adfbf417?s=96&d=mm&r=g","contentUrl":"https:\/\/secure.gravatar.com\/avatar\/0472992a927cd38eb30b1232adfbf417?s=96&d=mm&r=g","caption":"les id\u00e9es \u00e0 la pelle"}}]}},"jetpack_featured_media_url":"","jetpack_sharing_enabled":true,"jetpack_shortlink":"https:\/\/wp.me\/p7hjX5-gn","_links":{"self":[{"href":"https:\/\/www.lesideesalapelle.com\/index.php\/wp-json\/wp\/v2\/posts\/1015"}],"collection":[{"href":"https:\/\/www.lesideesalapelle.com\/index.php\/wp-json\/wp\/v2\/posts"}],"about":[{"href":"https:\/\/www.lesideesalapelle.com\/index.php\/wp-json\/wp\/v2\/types\/post"}],"author":[{"embeddable":true,"href":"https:\/\/www.lesideesalapelle.com\/index.php\/wp-json\/wp\/v2\/users\/1"}],"replies":[{"embeddable":true,"href":"https:\/\/www.lesideesalapelle.com\/index.php\/wp-json\/wp\/v2\/comments?post=1015"}],"version-history":[{"count":1,"href":"https:\/\/www.lesideesalapelle.com\/index.php\/wp-json\/wp\/v2\/posts\/1015\/revisions"}],"predecessor-version":[{"id":1017,"href":"https:\/\/www.lesideesalapelle.com\/index.php\/wp-json\/wp\/v2\/posts\/1015\/revisions\/1017"}],"wp:attachment":[{"href":"https:\/\/www.lesideesalapelle.com\/index.php\/wp-json\/wp\/v2\/media?parent=1015"}],"wp:term":[{"taxonomy":"category","embeddable":true,"href":"https:\/\/www.lesideesalapelle.com\/index.php\/wp-json\/wp\/v2\/categories?post=1015"},{"taxonomy":"post_tag","embeddable":true,"href":"https:\/\/www.lesideesalapelle.com\/index.php\/wp-json\/wp\/v2\/tags?post=1015"}],"curies":[{"name":"wp","href":"https:\/\/api.w.org\/{rel}","templated":true}]}}